{"id":2019,"date":"2016-08-09T13:39:03","date_gmt":"2016-08-09T11:39:03","guid":{"rendered":"https:\/\/www.xalo.org\/?p=2019"},"modified":"2016-08-09T13:44:46","modified_gmt":"2016-08-09T11:44:46","slug":"laigua-de-tot-xalo-ja-es-potable-2","status":"publish","type":"post","link":"https:\/\/www.xalo.org\/es\/laigua-de-tot-xalo-ja-es-potable-2\/","title":{"rendered":"El agua de todo Xal\u00f3 ya es potable"},"content":{"rendered":"<p><strong>\u00bfPorque ahora el agua es potable?<\/strong><\/p>\n<p>Salud P\u00fablica ha comunicado al Ayuntamiento que despu\u00e9s de los \u00faltimos trabajos, que el agua de todo el pueblo de Xal\u00f3 ya es potable. El anuncio es posible en uno de los momentos m\u00e1s complicados del a\u00f1o por el aumento de consumo en verano y la sequ\u00eda, pero es posible gracias a la reducci\u00f3n este a\u00f1o de un 25% de las fugas de agua y de los trabajos realizados en el\u00a0 pozo de Parcent en los puntos de extracci\u00f3n. \u00a0Xal\u00f3 ha pasado de perder casi el 80% del agua a tener ahora unas p\u00e9rdidas del 55%. Los datos h\u00eddricos de Xal\u00f3 hace un a\u00f1o eran dram\u00e1ticos y ahora entre todos caminamos hacia la normalidad. Aunque mantenemos todas las alertas, quedan por delante semanas de verano muy complicadas.<\/p>\n<p><strong>\u00bfSe puede beber? \u00bfSe puede cocinar? \u00bfCu\u00e1l es el nivel de calidad?<\/strong><\/p>\n<p>El agua de Xal\u00f3 es potable aunque informativamente hace falta se\u00f1alar que la cifra de cloruros es alta (sal), aunque en los valores actuales eso no tiene efectos en la calificaci\u00f3n de apta para consumo humano (cocinar, beber..etc), todos los usos est\u00e1n permitidos. Estos niveles ir\u00e1n descendiendo en las pr\u00f3ximas semanas y se prev\u00e9 desaparezcan el mes de septiembre. El nivel de calidad tanto del agua de las urbanizaciones como del pueblo es el mayor de los \u00faltimos a\u00f1os en todos los par\u00e1metros y se mantiene un control r\u00edgido de seguridad.<\/p>\n<p><strong>\u00bfPorque el agua no era antes potable y porque se produjeron unas cifras de aluminio altas repentinamente en el mes de mayo?<\/strong><\/p>\n<p>El motivo de la no potabilidad del agua los \u00faltimos a\u00f1os ha sido la conductividad, cloruros y sodio a causa de la salinizaci\u00f3n del pozo de Ll\u00edber. Los valores de hace un a\u00f1o de conductividad eran de unos 5000 (m\u00e1ximo legal 2500), de cloruros de unos 1400 (m\u00e1ximo 250 y para potabilidad con exenci\u00f3n no superior a 800) y de sodio de unos 700 (m\u00e1ximo 200). La disminuci\u00f3n de fugas llevada a cabo por el actual equipo de gobierno y las obras de canalizaci\u00f3n desde Parcent han hecho posible obtener una mezcla de mayor calidad en el marco de la potabilidad.<\/p>\n<p>El motivo por el cual se produjo una crisis de niveles de aluminio en mayo ha podido ser detectado y solucionado y resid\u00eda en la manera como se extra\u00eda agua del pozo. En la actualidad, la sequ\u00eda hace que se est\u00e9 extrayendo agua a m\u00e1s profundidad y si no se utilizan medidas correctivas determinadas en el uso de la bomba de extracci\u00f3n se remueve el pozo y se generan niveles alt\u00edsimos de turbidez y aluminio. Una vez detectado el problema, el agua sale en calidad de potable directamente del pozo, y se hacen anal\u00edticas peri\u00f3dicas para garantizar la calidad del agua. Regantes, Ayuntamientos y t\u00e9cnicos se coordinan para garantizar la estabilidad h\u00eddrica.<\/p>\n<p><strong>Haz un uso responsable del agua<\/strong><\/p>\n<p>Delante de cualquier novedad informaremos puntualmente. Pedimos un consumo responsable del agua, desde el Ayuntamiento seguimos trabajando dentro de la planificaci\u00f3n que empezamos hace un a\u00f1o y que ya est\u00e1 dando los primeros resultados evidentes en todas las direcciones. Gracias por vuestra paciencia, seguimos trabajando para solucionar los problemas h\u00eddricos que arrastramos desde hace m\u00e1s de 20 a\u00f1os.<\/p>\n<p><strong>\u00bfQu\u00e9 pasar\u00e1 en los pr\u00f3ximos meses?<\/strong><\/p>\n<p><u>Reducci\u00f3n de fugas<\/u><\/p>\n<p>El Ayuntamiento sigue con el plan de detecci\u00f3n de fugas, en el primer a\u00f1o se han reducido un 20% y ahora estamos ligeramente por encima de la media comarcal. Tenemos la previsi\u00f3n de situar las fugas en un 30% en los pr\u00f3ximos meses con las obras que ya han empezado. Se invertir\u00e1n 600.000 euros en los pr\u00f3ximos 12 meses a este efecto. \u00a0Ayuntamiento y Diputaci\u00f3n de Alicante trabajamos de la mano en esta direcci\u00f3n.<\/p>\n<p><u>Mejora de las instalaciones de Parcent.<\/u><\/p>\n<p>En los pr\u00f3ximos meses ampliaremos la planta potabilizadora que nos permitir\u00e1 usar nuevas posibilidades h\u00eddricas en Parcent.<\/p>\n<p><u>B\u00fasqueda de un nuevo pozo<\/u><\/p>\n<p>Ya han empezado los trabajos para llevar a cabo un nuevo pozo, de momento est\u00e1 en la fase de redacci\u00f3n del proyecto. Se trata de una propuesta a medio plazo y podr\u00eda ser una realidad al final de la legislatura<\/p>\n<p><u>Mejora estructural de instalaciones<\/u><\/p>\n<p>Ya se ha previsto el cambio de contadores en el casco urbano del pueblo (los contadores de todo el pueblo est\u00e1n envejecidos) y se intentar\u00e1 cambiarlos todos esta legislatura (se instalaran contadores inteligentes que ampl\u00eden el servicio informativo al cliente y el control de fugas). Tambi\u00e9n se trabaja en la remodelaci\u00f3n de sistemas de eficiencia h\u00eddrica innovadoras.<\/p>\n<p><strong>M\u00e1s transparencia<\/strong><\/p>\n<p>Por primera vez, las anal\u00edticas de Xal\u00f3 est\u00e1n activas en la plataforma Sinac y adem\u00e1s el Ayuntamiento ha aprobado la creaci\u00f3n de un Consejo Municipal del Agua con participaci\u00f3n ciudadana.<\/p>\n<p><img decoding=\"async\" class=\"alignnone size-medium wp-image-2020\" src=\"https:\/\/www.xalo.org\/wp-content\/uploads\/2016\/08\/Foto-1-339x480.jpg\" alt=\"Foto 1\" width=\"339\" height=\"480\" srcset=\"https:\/\/www.xalo.org\/wp-content\/uploads\/2016\/08\/Foto-1-339x480.jpg 339w, https:\/\/www.xalo.org\/wp-content\/uploads\/2016\/08\/Foto-1-724x1024.jpg 724w\" sizes=\"(max-width: 339px) 100vw, 339px\" \/> <img decoding=\"async\" class=\"alignnone size-medium wp-image-2021\" src=\"https:\/\/www.xalo.org\/wp-content\/uploads\/2016\/08\/Foto-2-339x480.jpg\" alt=\"Foto 2\" width=\"339\" height=\"480\" srcset=\"https:\/\/www.xalo.org\/wp-content\/uploads\/2016\/08\/Foto-2-339x480.jpg 339w, https:\/\/www.xalo.org\/wp-content\/uploads\/2016\/08\/Foto-2-724x1024.jpg 724w\" sizes=\"(max-width: 339px) 100vw, 339px\" \/> <img decoding=\"async\" class=\"alignnone size-medium wp-image-2022\" src=\"https:\/\/www.xalo.org\/wp-content\/uploads\/2016\/08\/Foto-3-339x480.jpg\" alt=\"Foto 3\" width=\"339\" height=\"480\" srcset=\"https:\/\/www.xalo.org\/wp-content\/uploads\/2016\/08\/Foto-3-339x480.jpg 339w, https:\/\/www.xalo.org\/wp-content\/uploads\/2016\/08\/Foto-3-724x1024.jpg 724w\" sizes=\"(max-width: 339px) 100vw, 339px\" \/> <img decoding=\"async\" class=\"alignnone size-medium wp-image-2023\" src=\"https:\/\/www.xalo.org\/wp-content\/uploads\/2016\/08\/Foto-4-339x480.jpg\" alt=\"Foto 4\" width=\"339\" height=\"480\" srcset=\"https:\/\/www.xalo.org\/wp-content\/uploads\/2016\/08\/Foto-4-339x480.jpg 339w, https:\/\/www.xalo.org\/wp-content\/uploads\/2016\/08\/Foto-4-724x1024.jpg 724w\" sizes=\"(max-width: 339px) 100vw, 339px\" \/><\/p>","protected":false},"excerpt":{"rendered":"<p>\u00bfPorque ahora el agua es potable? Salud P\u00fablica ha comunicado al Ayuntamiento que despu\u00e9s de los \u00faltimos trabajos, que el agua de todo el pueblo de Xal\u00f3 ya es potable. El anuncio es posible en uno de los momentos m\u00e1s complicados del a\u00f1o por el aumento de consumo en verano y la sequ\u00eda, pero es [&hellip;]<\/p>\n","protected":false},"author":1,"featured_media":0,"comment_status":"closed","ping_status":"closed","sticky":false,"template":"","format":"standard","meta":{"_et_pb_use_builder":"","_et_pb_old_content":"","_et_gb_content_width":"","footnotes":""},"categories":[1],"tags":[],"class_list":["post-2019","post","type-post","status-publish","format-standard","hentry","category-sin-categoria"],"aioseo_notices":[],"_links":{"self":[{"href":"https:\/\/www.xalo.org\/es\/wp-json\/wp\/v2\/posts\/2019","targetHints":{"allow":["GET"]}}],"collection":[{"href":"https:\/\/www.xalo.org\/es\/wp-json\/wp\/v2\/posts"}],"about":[{"href":"https:\/\/www.xalo.org\/es\/wp-json\/wp\/v2\/types\/post"}],"author":[{"embeddable":true,"href":"https:\/\/www.xalo.org\/es\/wp-json\/wp\/v2\/users\/1"}],"replies":[{"embeddable":true,"href":"https:\/\/www.xalo.org\/es\/wp-json\/wp\/v2\/comments?post=2019"}],"version-history":[{"count":0,"href":"https:\/\/www.xalo.org\/es\/wp-json\/wp\/v2\/posts\/2019\/revisions"}],"wp:attachment":[{"href":"https:\/\/www.xalo.org\/es\/wp-json\/wp\/v2\/media?parent=2019"}],"wp:term":[{"taxonomy":"category","embeddable":true,"href":"https:\/\/www.xalo.org\/es\/wp-json\/wp\/v2\/categories?post=2019"},{"taxonomy":"post_tag","embeddable":true,"href":"https:\/\/www.xalo.org\/es\/wp-json\/wp\/v2\/tags?post=2019"}],"curies":[{"name":"wp","href":"https:\/\/api.w.org\/{rel}","templated":true}]}}