{"id":2610,"date":"2017-08-08T14:02:21","date_gmt":"2017-08-08T12:02:21","guid":{"rendered":"https:\/\/www.xalo.org\/?p=2610"},"modified":"2021-06-12T16:26:50","modified_gmt":"2021-06-12T14:26:50","slug":"lescola-destiu-de-xalo-acaba-el-curs-2017-amb-record-de-matriculacions-i-amb-la-gravacio-dun-emotiu-videoclip-adaptant-som-moviment-del-grup-aspencat","status":"publish","type":"post","link":"https:\/\/www.xalo.org\/es\/lescola-destiu-de-xalo-acaba-el-curs-2017-amb-record-de-matriculacions-i-amb-la-gravacio-dun-emotiu-videoclip-adaptant-som-moviment-del-grup-aspencat\/","title":{"rendered":"La escuela de verano de Xal\u00f3 acaba el curso 2017 con r\u00e9cord de matr\u00edculas y con la grabaci\u00f3n de un emotivo videoclip adaptando la canci\u00f3n \u2018Som Moviment\u2019 del grupo Aspencat"},"content":{"rendered":"<p><strong>La escuela de verano de Xal\u00f3 hace balance de un julio repleto de actividades l\u00fadicas para ni\u00f1os y ni\u00f1as y celebr\u00f3 la fiesta fin de curso en la plaza mayor el viernes 28 de julio.<\/strong><\/p>\n<p>El equipo de la escuela de verano de Xal\u00f3 est\u00e1 de enhorabuena. La preparaci\u00f3n de un estimulante programa repleto de actividades deportivas, experimentos cient\u00edficos, visitas al parque Aquanatura, noche de convivencia, y actividades culturales como por ejemplo la creaci\u00f3n de un graffiti por la igualdad y la colaboraci\u00f3n con Kiko Tur, cantante del conocido grupo de la Marina Aspencat, en un proceso creativo y emotivo durante el cual se ha adaptado la letra de la canci\u00f3n \u2018Som Moviment\u2019 reflejando los lugares y tradiciones de la poblaci\u00f3n de la Marina. El v\u00eddeo se puede acceder mediante el canal de Youtube del Ayuntamiento de Xal\u00f3 <a href=\"https:\/\/youtu.be\/CPRV2niAUuc\">aqu\u00ed<\/a>.<\/p>\n<p>El cantante Kiko Tur ha declarado que \u2018el proceso creativo ha tenido como objetivo fomentar el trabajo en equipo, la sostenibilidad y al amor al territorio&#8217;. Por su parte, Jana Gonz\u00e1lez, Concejal de Educaci\u00f3n e Infancia del Ayuntamiento de Xal\u00f3 ha se\u00f1alado que \u2018todos y todas han colaborado aportando palabras, cantando y bailando en el v\u00eddeo, fomentando el compa\u00f1erismo y la colaboraci\u00f3n, as\u00ed como proporcionando una magnifica oportunidad de formar parte del proceso creativo de la m\u00fasica y dejar un legado al pueblo y a su futuro&#8217;.<\/p>\n<p>La tradicional escuela de verano se celebra el mes de julio con los objetivos m\u00faltiples de dar apoyo a temas de conciliaci\u00f3n familiar, presentar actividades divertidas y diferentes de lo que normalmente se realiza en los colegios, trabajando importantes valores de fondo y, en definitiva, fomentando el juego y el trabajo en equipo. Las actividades est\u00e1n dirigidas a alumnos de 3 a 15 a\u00f1os y tienen lugar de lunes a viernes de 9-13h en la escuela municipal. Un r\u00e9cord de 86 ni\u00f1os y ni\u00f1as de Xal\u00f3 y otros pueblos de la Marina de diversos or\u00edgenes se han matriculado este a\u00f1o de la escuela de verano, lo que representa casi la mitad del alumnado total de la escuela de Xal\u00f3. La escuela de verano tambi\u00e9n ha recibido por primera vez una subvenci\u00f3n por parte de la Diputaci\u00f3n de Alicante de cerca de 3.000 \u20ac.<\/p>\n<p>El programa de la escuela de verano ha estado divido en cuatro bloques de contenido coincidiendo con las cuatro semanas de duraci\u00f3n de la escuela:<\/p>\n<ul>\n<li>\u2018Semana del multiculturalismo\u2019 donde se invit\u00f3 a familias provenientes de otros territorios a explicar como se vive en otros lugares del mundo. Las actividades incluyeron un taller de escritura del nombre en rumano y \u00e1rabe, el relato de las costumbres y tradiciones por parte de los padres y la confecci\u00f3n de art\u00edculos t\u00edpicos de otros pa\u00edses.<\/li>\n<li>La \u2018Semana de la Ciencia\u2019 cont\u00f3 con la presencia de una profesora y cient\u00edfica que realiz\u00f3 una serie de experimentos con el alumnado.<\/li>\n<li>\u2018La Semana de la Jardiner\u00eda\u2019 incluy\u00f3 una excursi\u00f3n con visita al tradicional Tassolet para plantar \u00e1rboles y apreciar la necesidad de cuidar el territorio, fomentando los valores de sostenibilidad y trabajo en equipo.<\/li>\n<li>Por \u00faltimo, la \u2018Semana de los Artistas\u2019 cont\u00f3 con las visitas de conocidos deportistas. Durante la semana se cre\u00f3 la versi\u00f3n de la canci\u00f3n del grupo Aspencat \u2018Som Moviment\u2019, que ha sido grabada en v\u00eddeo mientras la cantaban los ni\u00f1os y ni\u00f1as que han asistido a la escuela de verano y un graffiti por la igualdad en la entrada del poli-deportivo municipal, producto de un proceso creativo que ha contado con la colaboraci\u00f3n de un\u00a0 artista proveniente de una asociaci\u00f3n de graffiti de Valencia.<\/li>\n<\/ul>\n<p>El programa tambi\u00e9n incluyo la visita al parque Aquanatura de Benidorm con los padres y madres, la tradicional noche de convivencia durante la cual los ni\u00f1os y ni\u00f1as cenaron juntos y despu\u00e9s disfrutaron de juegos y de una fiesta tradicional hind\u00fa \u2018Holi\u2019 antes de dirigirse a dormir a sus respectivas tiendas de campa\u00f1a o aulas durante una noche de convivencia cargada de sonrisas.<\/p>\n<p>La escuela de verano realizo la fiesta de fin de curso en la plaza del pueblo. La fiesta consisti\u00f3 en una merienda para los ni\u00f1os y ni\u00f1as seguida de las actuaciones de los mismos que inclu\u00edan la versi\u00f3n de la cancion\u00a0 \u2018Som Moviment\u2019 que crearon conjuntamente todos con Kiko Tur.<\/p>\n<p>Os dejamos algunas fotos del evento:<\/p>\n<p><img decoding=\"async\" class=\"aligncenter size-medium wp-image-2611\" src=\"https:\/\/www.xalo.org\/wp-content\/uploads\/2017\/08\/IMG_5140-480x360.jpg\" alt=\"\" width=\"480\" height=\"360\" srcset=\"https:\/\/www.xalo.org\/wp-content\/uploads\/2017\/08\/IMG_5140-480x360.jpg 480w, https:\/\/www.xalo.org\/wp-content\/uploads\/2017\/08\/IMG_5140.jpg 1024w\" sizes=\"(max-width: 480px) 100vw, 480px\" \/><\/p>\n<p><img decoding=\"async\" class=\"aligncenter size-medium wp-image-2619\" src=\"https:\/\/www.xalo.org\/wp-content\/uploads\/2017\/08\/IMG_5164-480x360.jpg\" alt=\"\" width=\"480\" height=\"360\" srcset=\"https:\/\/www.xalo.org\/wp-content\/uploads\/2017\/08\/IMG_5164-480x360.jpg 480w, https:\/\/www.xalo.org\/wp-content\/uploads\/2017\/08\/IMG_5164-1024x768.jpg 1024w, https:\/\/www.xalo.org\/wp-content\/uploads\/2017\/08\/IMG_5164.jpg 1600w\" sizes=\"(max-width: 480px) 100vw, 480px\" \/> <img decoding=\"async\" class=\"aligncenter size-medium wp-image-2618\" src=\"https:\/\/www.xalo.org\/wp-content\/uploads\/2017\/08\/IMG_5160-480x270.jpg\" alt=\"\" width=\"480\" height=\"270\" srcset=\"https:\/\/www.xalo.org\/wp-content\/uploads\/2017\/08\/IMG_5160-480x270.jpg 480w, https:\/\/www.xalo.org\/wp-content\/uploads\/2017\/08\/IMG_5160-1024x577.jpg 1024w, https:\/\/www.xalo.org\/wp-content\/uploads\/2017\/08\/IMG_5160.jpg 1600w\" sizes=\"(max-width: 480px) 100vw, 480px\" \/> <img decoding=\"async\" class=\"aligncenter size-medium wp-image-2617\" src=\"https:\/\/www.xalo.org\/wp-content\/uploads\/2017\/08\/IMG_5159-480x227.jpg\" alt=\"\" width=\"480\" height=\"227\" srcset=\"https:\/\/www.xalo.org\/wp-content\/uploads\/2017\/08\/IMG_5159-480x227.jpg 480w, https:\/\/www.xalo.org\/wp-content\/uploads\/2017\/08\/IMG_5159-1024x484.jpg 1024w, https:\/\/www.xalo.org\/wp-content\/uploads\/2017\/08\/IMG_5159.jpg 1600w\" sizes=\"(max-width: 480px) 100vw, 480px\" \/> <img decoding=\"async\" class=\"aligncenter size-medium wp-image-2616\" src=\"https:\/\/www.xalo.org\/wp-content\/uploads\/2017\/08\/IMG_5153-480x270.jpg\" alt=\"\" width=\"480\" height=\"270\" srcset=\"https:\/\/www.xalo.org\/wp-content\/uploads\/2017\/08\/IMG_5153-480x270.jpg 480w, https:\/\/www.xalo.org\/wp-content\/uploads\/2017\/08\/IMG_5153-1024x576.jpg 1024w, https:\/\/www.xalo.org\/wp-content\/uploads\/2017\/08\/IMG_5153.jpg 1600w\" sizes=\"(max-width: 480px) 100vw, 480px\" \/> <img decoding=\"async\" class=\"aligncenter size-medium wp-image-2615\" src=\"https:\/\/www.xalo.org\/wp-content\/uploads\/2017\/08\/IMG_5151-480x270.jpg\" alt=\"\" width=\"480\" height=\"270\" srcset=\"https:\/\/www.xalo.org\/wp-content\/uploads\/2017\/08\/IMG_5151-480x270.jpg 480w, https:\/\/www.xalo.org\/wp-content\/uploads\/2017\/08\/IMG_5151-1024x576.jpg 1024w, https:\/\/www.xalo.org\/wp-content\/uploads\/2017\/08\/IMG_5151.jpg 1600w\" sizes=\"(max-width: 480px) 100vw, 480px\" \/> <img decoding=\"async\" class=\"aligncenter size-medium wp-image-2614\" src=\"https:\/\/www.xalo.org\/wp-content\/uploads\/2017\/08\/IMG_5149-360x480.jpg\" alt=\"\" width=\"360\" height=\"480\" srcset=\"https:\/\/www.xalo.org\/wp-content\/uploads\/2017\/08\/IMG_5149-360x480.jpg 360w, https:\/\/www.xalo.org\/wp-content\/uploads\/2017\/08\/IMG_5149-768x1024.jpg 768w, https:\/\/www.xalo.org\/wp-content\/uploads\/2017\/08\/IMG_5149.jpg 1200w\" sizes=\"(max-width: 360px) 100vw, 360px\" \/> <img decoding=\"async\" class=\"aligncenter size-medium wp-image-2613\" src=\"https:\/\/www.xalo.org\/wp-content\/uploads\/2017\/08\/IMG_5147-co\u0300pia-270x480.jpg\" alt=\"\" width=\"270\" height=\"480\" srcset=\"https:\/\/www.xalo.org\/wp-content\/uploads\/2017\/08\/IMG_5147-co\u0300pia-270x480.jpg 270w, https:\/\/www.xalo.org\/wp-content\/uploads\/2017\/08\/IMG_5147-co\u0300pia-576x1024.jpg 576w, https:\/\/www.xalo.org\/wp-content\/uploads\/2017\/08\/IMG_5147-co\u0300pia.jpg 900w\" sizes=\"(max-width: 270px) 100vw, 270px\" \/> <img decoding=\"async\" class=\"aligncenter size-medium wp-image-2612\" src=\"https:\/\/www.xalo.org\/wp-content\/uploads\/2017\/08\/IMG_5143-480x360.jpg\" alt=\"\" width=\"480\" height=\"360\" srcset=\"https:\/\/www.xalo.org\/wp-content\/uploads\/2017\/08\/IMG_5143-480x360.jpg 480w, https:\/\/www.xalo.org\/wp-content\/uploads\/2017\/08\/IMG_5143.jpg 1024w\" sizes=\"(max-width: 480px) 100vw, 480px\" \/><\/p>","protected":false},"excerpt":{"rendered":"<p>La escuela de verano de Xal\u00f3 hace balance de un julio repleto de actividades l\u00fadicas para ni\u00f1os y ni\u00f1as y celebr\u00f3 la fiesta fin de curso en la plaza mayor el viernes 28 de julio. El equipo de la escuela de verano de Xal\u00f3 est\u00e1 de enhorabuena. La preparaci\u00f3n de un estimulante programa repleto de [&hellip;]<\/p>\n","protected":false},"author":1,"featured_media":2620,"comment_status":"closed","ping_status":"closed","sticky":false,"template":"","format":"standard","meta":{"_et_pb_use_builder":"","_et_pb_old_content":"","_et_gb_content_width":"","footnotes":""},"categories":[34,35,42,40],"tags":[],"class_list":["post-2610","post","type-post","status-publish","format-standard","has-post-thumbnail","hentry","category-cultura","category-educacio-i-infancia","category-festes","category-igualtat-diversitat"],"aioseo_notices":[],"_links":{"self":[{"href":"https:\/\/www.xalo.org\/es\/wp-json\/wp\/v2\/posts\/2610","targetHints":{"allow":["GET"]}}],"collection":[{"href":"https:\/\/www.xalo.org\/es\/wp-json\/wp\/v2\/posts"}],"about":[{"href":"https:\/\/www.xalo.org\/es\/wp-json\/wp\/v2\/types\/post"}],"author":[{"embeddable":true,"href":"https:\/\/www.xalo.org\/es\/wp-json\/wp\/v2\/users\/1"}],"replies":[{"embeddable":true,"href":"https:\/\/www.xalo.org\/es\/wp-json\/wp\/v2\/comments?post=2610"}],"version-history":[{"count":0,"href":"https:\/\/www.xalo.org\/es\/wp-json\/wp\/v2\/posts\/2610\/revisions"}],"wp:featuredmedia":[{"embeddable":true,"href":"https:\/\/www.xalo.org\/es\/wp-json\/wp\/v2\/media\/2620"}],"wp:attachment":[{"href":"https:\/\/www.xalo.org\/es\/wp-json\/wp\/v2\/media?parent=2610"}],"wp:term":[{"taxonomy":"category","embeddable":true,"href":"https:\/\/www.xalo.org\/es\/wp-json\/wp\/v2\/categories?post=2610"},{"taxonomy":"post_tag","embeddable":true,"href":"https:\/\/www.xalo.org\/es\/wp-json\/wp\/v2\/tags?post=2610"}],"curies":[{"name":"wp","href":"https:\/\/api.w.org\/{rel}","templated":true}]}}