{"id":3276,"date":"2018-04-29T14:09:57","date_gmt":"2018-04-29T12:09:57","guid":{"rendered":"https:\/\/www.xalo.org\/?p=3276"},"modified":"2021-06-12T15:51:53","modified_gmt":"2021-06-12T13:51:53","slug":"dia-de-la-bici-dia-de-la-terra-29-abril","status":"publish","type":"post","link":"https:\/\/www.xalo.org\/es\/dia-de-la-bici-dia-de-la-terra-29-abril\/","title":{"rendered":"D\u00eda de la Bici &#8211; D\u00eda de la Tierra 29 abril"},"content":{"rendered":"<p>&#x1f44f;Ho hem passat genial aquest mat\u00ed celebrant el dia de la Terra &#x1f30d; i el Dia Mundial de la Bicicleta&#x1f6b5;&#x200d;.<br \/>\nHem visitat l&#8217;Olivera dels Moros i hem vist un documental sobre el Planeta Terra.<\/p>\n<p>Tamb\u00e9 hem gaudit de coca i suc en familia<\/p>\n<p>#earthday #agafalabici #ajuntamentdexalo<\/p>\n<p>Fotos: Cornelia Lekkerkerk<\/p>\n<p>&nbsp;<\/p>\n<p><img decoding=\"async\" class=\"aligncenter size-medium wp-image-3277\" src=\"https:\/\/www.xalo.org\/wp-content\/uploads\/2018\/04\/Bici_@-480x320.jpeg\" alt=\"\" width=\"480\" height=\"320\" srcset=\"https:\/\/www.xalo.org\/wp-content\/uploads\/2018\/04\/Bici_@-480x320.jpeg 480w, https:\/\/www.xalo.org\/wp-content\/uploads\/2018\/04\/Bici_@.jpeg 1024w\" sizes=\"(max-width: 480px) 100vw, 480px\" \/> <img decoding=\"async\" class=\"aligncenter size-medium wp-image-3278\" src=\"https:\/\/www.xalo.org\/wp-content\/uploads\/2018\/04\/Bici_1-480x320.jpeg\" alt=\"\" width=\"480\" height=\"320\" srcset=\"https:\/\/www.xalo.org\/wp-content\/uploads\/2018\/04\/Bici_1-480x320.jpeg 480w, https:\/\/www.xalo.org\/wp-content\/uploads\/2018\/04\/Bici_1.jpeg 1024w\" sizes=\"(max-width: 480px) 100vw, 480px\" \/> <img decoding=\"async\" class=\"aligncenter size-medium wp-image-3279\" src=\"https:\/\/www.xalo.org\/wp-content\/uploads\/2018\/04\/Bici_3-480x320.jpeg\" alt=\"\" width=\"480\" height=\"320\" srcset=\"https:\/\/www.xalo.org\/wp-content\/uploads\/2018\/04\/Bici_3-480x320.jpeg 480w, https:\/\/www.xalo.org\/wp-content\/uploads\/2018\/04\/Bici_3.jpeg 1024w\" sizes=\"(max-width: 480px) 100vw, 480px\" \/> <img decoding=\"async\" class=\"aligncenter size-medium wp-image-3280\" src=\"https:\/\/www.xalo.org\/wp-content\/uploads\/2018\/04\/Bici_4-480x320.jpeg\" alt=\"\" width=\"480\" height=\"320\" srcset=\"https:\/\/www.xalo.org\/wp-content\/uploads\/2018\/04\/Bici_4-480x320.jpeg 480w, https:\/\/www.xalo.org\/wp-content\/uploads\/2018\/04\/Bici_4.jpeg 1024w\" sizes=\"(max-width: 480px) 100vw, 480px\" \/> <img decoding=\"async\" class=\"aligncenter size-medium wp-image-3281\" src=\"https:\/\/www.xalo.org\/wp-content\/uploads\/2018\/04\/Bici_5-480x320.jpeg\" alt=\"\" width=\"480\" height=\"320\" srcset=\"https:\/\/www.xalo.org\/wp-content\/uploads\/2018\/04\/Bici_5-480x320.jpeg 480w, https:\/\/www.xalo.org\/wp-content\/uploads\/2018\/04\/Bici_5.jpeg 1024w\" sizes=\"(max-width: 480px) 100vw, 480px\" \/> <img decoding=\"async\" class=\"aligncenter size-medium wp-image-3282\" src=\"https:\/\/www.xalo.org\/wp-content\/uploads\/2018\/04\/Bici_7-480x320.jpeg\" alt=\"\" width=\"480\" height=\"320\" srcset=\"https:\/\/www.xalo.org\/wp-content\/uploads\/2018\/04\/Bici_7-480x320.jpeg 480w, https:\/\/www.xalo.org\/wp-content\/uploads\/2018\/04\/Bici_7.jpeg 1024w\" sizes=\"(max-width: 480px) 100vw, 480px\" \/><\/p>\n<p>&nbsp;<\/p>","protected":false},"excerpt":{"rendered":"<p>&#x1f44f;Ho hem passat genial aquest mat\u00ed celebrant el dia de la Terra &#x1f30d; i el Dia Mundial de la Bicicleta&#x1f6b5;&#x200d;. Hem visitat l&#8217;Olivera dels Moros i hem vist un documental sobre el Planeta Terra. Tamb\u00e9 hem gaudit de coca i suc en familia #earthday #agafalabici #ajuntamentdexalo Fotos: Cornelia Lekkerkerk &nbsp; &nbsp;<\/p>\n","protected":false},"author":1,"featured_media":3244,"comment_status":"closed","ping_status":"closed","sticky":false,"template":"","format":"standard","meta":{"_et_pb_use_builder":"","_et_pb_old_content":"","_et_gb_content_width":"","footnotes":""},"categories":[34,35,45,38],"tags":[],"class_list":["post-3276","post","type-post","status-publish","format-standard","has-post-thumbnail","hentry","category-cultura","category-educacio-i-infancia","category-esports","category-urbanisme-sostenibilitat"],"aioseo_notices":[],"_links":{"self":[{"href":"https:\/\/www.xalo.org\/es\/wp-json\/wp\/v2\/posts\/3276","targetHints":{"allow":["GET"]}}],"collection":[{"href":"https:\/\/www.xalo.org\/es\/wp-json\/wp\/v2\/posts"}],"about":[{"href":"https:\/\/www.xalo.org\/es\/wp-json\/wp\/v2\/types\/post"}],"author":[{"embeddable":true,"href":"https:\/\/www.xalo.org\/es\/wp-json\/wp\/v2\/users\/1"}],"replies":[{"embeddable":true,"href":"https:\/\/www.xalo.org\/es\/wp-json\/wp\/v2\/comments?post=3276"}],"version-history":[{"count":0,"href":"https:\/\/www.xalo.org\/es\/wp-json\/wp\/v2\/posts\/3276\/revisions"}],"wp:featuredmedia":[{"embeddable":true,"href":"https:\/\/www.xalo.org\/es\/wp-json\/wp\/v2\/media\/3244"}],"wp:attachment":[{"href":"https:\/\/www.xalo.org\/es\/wp-json\/wp\/v2\/media?parent=3276"}],"wp:term":[{"taxonomy":"category","embeddable":true,"href":"https:\/\/www.xalo.org\/es\/wp-json\/wp\/v2\/categories?post=3276"},{"taxonomy":"post_tag","embeddable":true,"href":"https:\/\/www.xalo.org\/es\/wp-json\/wp\/v2\/tags?post=3276"}],"curies":[{"name":"wp","href":"https:\/\/api.w.org\/{rel}","templated":true}]}}