{"id":3530,"date":"2018-07-31T09:12:27","date_gmt":"2018-07-31T07:12:27","guid":{"rendered":"https:\/\/www.xalo.org\/?p=3530"},"modified":"2018-07-31T09:19:53","modified_gmt":"2018-07-31T07:19:53","slug":"subvencions-empuju-i-emcuju","status":"publish","type":"post","link":"https:\/\/www.xalo.org\/es\/subvencions-empuju-i-emcuju\/","title":{"rendered":"Subvenciones EMPUJU y EMCUJU"},"content":{"rendered":"<p><img decoding=\"async\" src=\"https:\/\/www.xalo.org\/wp-content\/uploads\/2018\/07\/Avalem-Joves-Plus-480x336.jpeg\" alt=\"\" width=\"480\" height=\"336\" class=\"aligncenter size-medium wp-image-3528\" srcset=\"https:\/\/www.xalo.org\/wp-content\/uploads\/2018\/07\/Avalem-Joves-Plus-480x336.jpeg 480w, https:\/\/www.xalo.org\/wp-content\/uploads\/2018\/07\/Avalem-Joves-Plus-1024x718.jpeg 1024w, https:\/\/www.xalo.org\/wp-content\/uploads\/2018\/07\/Avalem-Joves-Plus-1080x757.jpeg 1080w, https:\/\/www.xalo.org\/wp-content\/uploads\/2018\/07\/Avalem-Joves-Plus.jpeg 1455w\" sizes=\"(max-width: 480px) 100vw, 480px\" \/><br \/>\nEl Ayuntamiento de Xal\u00f3 ha recibido dos subvenciones de la Generalitat Valenciana financiadas por el Fondo Social Europeo a trav\u00e9s de los programas EMCUJU, con el cual se ha contratado a una ARQUITECTA durante 12 meses, y con el programa <a href=\"https:\/\/www.servef.gva.es\/es\/fomentoocupacion\/-\/asset_publisher\/VBASJmYesT8j\/content\/empuju-programa-de-subvenciones-de-empleo-destinadas-a-la-contratacion-de-personas-jovenes-por-entidades-locales-en-el-marco-del-sistema-nacional-de-g\">EMPUJU <\/a>a un PE\u00d3N de obres.<\/p>\n<p><\/p>","protected":false},"excerpt":{"rendered":"<p>El Ayuntamiento de Xal\u00f3 ha recibido dos subvenciones de la Generalitat Valenciana financiadas por el Fondo Social Europeo a trav\u00e9s de los programas EMCUJU, con el cual se ha contratado a una ARQUITECTA durante 12 meses, y con el programa EMPUJU a un PE\u00d3N de obres.<\/p>\n","protected":false},"author":1,"featured_media":3531,"comment_status":"closed","ping_status":"closed","sticky":false,"template":"","format":"standard","meta":{"_et_pb_use_builder":"","_et_pb_old_content":"","_et_gb_content_width":"","_uf_show_specific_survey":0,"_uf_disable_surveys":false,"footnotes":""},"categories":[1],"tags":[],"class_list":["post-3530","post","type-post","status-publish","format-standard","has-post-thumbnail","hentry","category-sin-categoria"],"yoast_head":"<!-- This site is optimized with the Yoast SEO plugin v28.3 - https:\/\/yoast.com\/product\/yoast-seo-wordpress\/ -->\n<title>Subvenciones EMPUJU y EMCUJU - Ayto. Xal\u00f3<\/title>\n<meta name=\"robots\" content=\"index, follow, max-snippet:-1, max-image-preview:large, max-video-preview:-1\" \/>\n<link rel=\"canonical\" href=\"https:\/\/www.xalo.org\/subvencions-empuju-i-emcuju\/\" \/>\n<meta property=\"og:locale\" content=\"es_ES\" \/>\n<meta property=\"og:type\" content=\"article\" \/>\n<meta property=\"og:title\" content=\"[:va]Subvencions EMPUJU i EMCUJU[:es]Subvenciones EMPUJU y EMCUJU[:] - Ayto. Xal\u00f3\" \/>\n<meta property=\"og:description\" content=\"El Ayuntamiento de Xal\u00f3 ha recibido dos subvenciones de la Generalitat Valenciana financiadas por el Fondo Social Europeo a trav\u00e9s de los programas EMCUJU, con el cual se ha contratado a una ARQUITECTA durante 12 meses, y con el programa EMPUJU a un PE\u00d3N de obres.\" \/>\n<meta property=\"og:url\" content=\"https:\/\/www.xalo.org\/subvencions-empuju-i-emcuju\/\" \/>\n<meta property=\"og:site_name\" content=\"Ayto. Xal\u00f3\" \/>\n<meta property=\"article:published_time\" content=\"2018-07-31T07:12:27+00:00\" \/>\n<meta property=\"article:modified_time\" content=\"2018-07-31T07:19:53+00:00\" \/>\n<meta property=\"og:image\" content=\"https:\/\/www.xalo.org\/wp-content\/uploads\/2018\/07\/fse.jpg\" \/>\n\t<meta property=\"og:image:width\" content=\"242\" \/>\n\t<meta property=\"og:image:height\" content=\"169\" \/>\n\t<meta property=\"og:image:type\" content=\"image\/jpeg\" \/>\n<meta name=\"author\" content=\"Ajuntament Xal\u00f3\" \/>\n<meta name=\"twitter:card\" content=\"summary_large_image\" \/>\n<meta name=\"twitter:label1\" content=\"Escrito por\" \/>\n\t<meta name=\"twitter:data1\" content=\"Ajuntament Xal\u00f3\" \/>\n<script type=\"application\/ld+json\" class=\"yoast-schema-graph\">{\"@context\":\"https:\\\/\\\/schema.org\",\"@graph\":[{\"@type\":\"Article\",\"@id\":\"https:\\\/\\\/www.xalo.org\\\/subvencions-empuju-i-emcuju\\\/#article\",\"isPartOf\":{\"@id\":\"https:\\\/\\\/www.xalo.org\\\/subvencions-empuju-i-emcuju\\\/\"},\"author\":{\"name\":\"Ajuntament Xal\u00f3\",\"@id\":\"https:\\\/\\\/www.xalo.org\\\/#\\\/schema\\\/person\\\/7933b59f18a5c32203b67f7b5d6e71f0\"},\"headline\":\"Subvenciones EMPUJU y EMCUJU\",\"datePublished\":\"2018-07-31T07:12:27+00:00\",\"dateModified\":\"2018-07-31T07:19:53+00:00\",\"mainEntityOfPage\":{\"@id\":\"https:\\\/\\\/www.xalo.org\\\/subvencions-empuju-i-emcuju\\\/\"},\"wordCount\":103,\"publisher\":{\"@id\":\"https:\\\/\\\/www.xalo.org\\\/#organization\"},\"image\":{\"@id\":\"https:\\\/\\\/www.xalo.org\\\/subvencions-empuju-i-emcuju\\\/#primaryimage\"},\"thumbnailUrl\":\"https:\\\/\\\/www.xalo.org\\\/wp-content\\\/uploads\\\/2018\\\/07\\\/fse.jpg\",\"inLanguage\":\"es\"},{\"@type\":\"WebPage\",\"@id\":\"https:\\\/\\\/www.xalo.org\\\/subvencions-empuju-i-emcuju\\\/\",\"url\":\"https:\\\/\\\/www.xalo.org\\\/subvencions-empuju-i-emcuju\\\/\",\"name\":\"[:va]Subvencions EMPUJU i EMCUJU[:es]Subvenciones EMPUJU y EMCUJU[:] - Ayto. Xal\u00f3\",\"isPartOf\":{\"@id\":\"https:\\\/\\\/www.xalo.org\\\/#website\"},\"primaryImageOfPage\":{\"@id\":\"https:\\\/\\\/www.xalo.org\\\/subvencions-empuju-i-emcuju\\\/#primaryimage\"},\"image\":{\"@id\":\"https:\\\/\\\/www.xalo.org\\\/subvencions-empuju-i-emcuju\\\/#primaryimage\"},\"thumbnailUrl\":\"https:\\\/\\\/www.xalo.org\\\/wp-content\\\/uploads\\\/2018\\\/07\\\/fse.jpg\",\"datePublished\":\"2018-07-31T07:12:27+00:00\",\"dateModified\":\"2018-07-31T07:19:53+00:00\",\"breadcrumb\":{\"@id\":\"https:\\\/\\\/www.xalo.org\\\/subvencions-empuju-i-emcuju\\\/#breadcrumb\"},\"inLanguage\":\"es\",\"potentialAction\":[{\"@type\":\"ReadAction\",\"target\":[\"https:\\\/\\\/www.xalo.org\\\/subvencions-empuju-i-emcuju\\\/\"]}]},{\"@type\":\"ImageObject\",\"inLanguage\":\"es\",\"@id\":\"https:\\\/\\\/www.xalo.org\\\/subvencions-empuju-i-emcuju\\\/#primaryimage\",\"url\":\"https:\\\/\\\/www.xalo.org\\\/wp-content\\\/uploads\\\/2018\\\/07\\\/fse.jpg\",\"contentUrl\":\"https:\\\/\\\/www.xalo.org\\\/wp-content\\\/uploads\\\/2018\\\/07\\\/fse.jpg\",\"width\":242,\"height\":169},{\"@type\":\"BreadcrumbList\",\"@id\":\"https:\\\/\\\/www.xalo.org\\\/subvencions-empuju-i-emcuju\\\/#breadcrumb\",\"itemListElement\":[{\"@type\":\"ListItem\",\"position\":1,\"name\":\"Home\",\"item\":\"https:\\\/\\\/www.xalo.org\\\/\"},{\"@type\":\"ListItem\",\"position\":2,\"name\":\"Subvencions EMPUJU i EMCUJU\"}]},{\"@type\":\"WebSite\",\"@id\":\"https:\\\/\\\/www.xalo.org\\\/#website\",\"url\":\"https:\\\/\\\/www.xalo.org\\\/\",\"name\":\"Ajuntament de Xalo\",\"description\":\"(Valenci\u00e0) Ajuntament de Xal\u00f3\",\"publisher\":{\"@id\":\"https:\\\/\\\/www.xalo.org\\\/#organization\"},\"potentialAction\":[{\"@type\":\"SearchAction\",\"target\":{\"@type\":\"EntryPoint\",\"urlTemplate\":\"https:\\\/\\\/www.xalo.org\\\/?s={search_term_string}\"},\"query-input\":{\"@type\":\"PropertyValueSpecification\",\"valueRequired\":true,\"valueName\":\"search_term_string\"}}],\"inLanguage\":\"es\"},{\"@type\":\"Organization\",\"@id\":\"https:\\\/\\\/www.xalo.org\\\/#organization\",\"name\":\"Ajuntament de Xalo\",\"url\":\"https:\\\/\\\/www.xalo.org\\\/\",\"logo\":{\"@type\":\"ImageObject\",\"inLanguage\":\"es\",\"@id\":\"https:\\\/\\\/www.xalo.org\\\/#\\\/schema\\\/logo\\\/image\\\/\",\"url\":\"https:\\\/\\\/www.xalo.org\\\/wp-content\\\/uploads\\\/2015\\\/12\\\/logo.png\",\"contentUrl\":\"https:\\\/\\\/www.xalo.org\\\/wp-content\\\/uploads\\\/2015\\\/12\\\/logo.png\",\"width\":180,\"height\":172,\"caption\":\"Ajuntament de Xalo\"},\"image\":{\"@id\":\"https:\\\/\\\/www.xalo.org\\\/#\\\/schema\\\/logo\\\/image\\\/\"}},{\"@type\":\"Person\",\"@id\":\"https:\\\/\\\/www.xalo.org\\\/#\\\/schema\\\/person\\\/7933b59f18a5c32203b67f7b5d6e71f0\",\"name\":\"Ajuntament Xal\u00f3\",\"image\":{\"@type\":\"ImageObject\",\"inLanguage\":\"es\",\"@id\":\"https:\\\/\\\/secure.gravatar.com\\\/avatar\\\/1acf88fe58aa34b57ac82e647b1ee92a069606423a5fb6237dcc6dffbf07f901?s=96&d=mm&r=g\",\"url\":\"https:\\\/\\\/secure.gravatar.com\\\/avatar\\\/1acf88fe58aa34b57ac82e647b1ee92a069606423a5fb6237dcc6dffbf07f901?s=96&d=mm&r=g\",\"contentUrl\":\"https:\\\/\\\/secure.gravatar.com\\\/avatar\\\/1acf88fe58aa34b57ac82e647b1ee92a069606423a5fb6237dcc6dffbf07f901?s=96&d=mm&r=g\",\"caption\":\"Ajuntament Xal\u00f3\"},\"url\":\"https:\\\/\\\/www.xalo.org\\\/es\\\/author\\\/admin\\\/\"}]}<\/script>\n<!-- \/ Yoast SEO plugin. -->","yoast_head_json":{"title":"[:va]Subvencions EMPUJU i EMCUJU[:es]Subvenciones EMPUJU y EMCUJU[:] - Ayto. Xal\u00f3","robots":{"index":"index","follow":"follow","max-snippet":"max-snippet:-1","max-image-preview":"max-image-preview:large","max-video-preview":"max-video-preview:-1"},"canonical":"https:\/\/www.xalo.org\/subvencions-empuju-i-emcuju\/","og_locale":"es_ES","og_type":"article","og_title":"[:va]Subvencions EMPUJU i EMCUJU[:es]Subvenciones EMPUJU y EMCUJU[:] - Ayto. Xal\u00f3","og_description":"El Ayuntamiento de Xal\u00f3 ha recibido dos subvenciones de la Generalitat Valenciana financiadas por el Fondo Social Europeo a trav\u00e9s de los programas EMCUJU, con el cual se ha contratado a una ARQUITECTA durante 12 meses, y con el programa EMPUJU a un PE\u00d3N de obres.","og_url":"https:\/\/www.xalo.org\/subvencions-empuju-i-emcuju\/","og_site_name":"Ayto. Xal\u00f3","article_published_time":"2018-07-31T07:12:27+00:00","article_modified_time":"2018-07-31T07:19:53+00:00","og_image":[{"width":242,"height":169,"url":"https:\/\/www.xalo.org\/wp-content\/uploads\/2018\/07\/fse.jpg","type":"image\/jpeg"}],"author":"Ajuntament Xal\u00f3","twitter_card":"summary_large_image","twitter_misc":{"Escrito por":"Ajuntament Xal\u00f3"},"schema":{"@context":"https:\/\/schema.org","@graph":[{"@type":"Article","@id":"https:\/\/www.xalo.org\/subvencions-empuju-i-emcuju\/#article","isPartOf":{"@id":"https:\/\/www.xalo.org\/subvencions-empuju-i-emcuju\/"},"author":{"name":"Ajuntament Xal\u00f3","@id":"https:\/\/www.xalo.org\/#\/schema\/person\/7933b59f18a5c32203b67f7b5d6e71f0"},"headline":"Subvenciones EMPUJU y EMCUJU","datePublished":"2018-07-31T07:12:27+00:00","dateModified":"2018-07-31T07:19:53+00:00","mainEntityOfPage":{"@id":"https:\/\/www.xalo.org\/subvencions-empuju-i-emcuju\/"},"wordCount":103,"publisher":{"@id":"https:\/\/www.xalo.org\/#organization"},"image":{"@id":"https:\/\/www.xalo.org\/subvencions-empuju-i-emcuju\/#primaryimage"},"thumbnailUrl":"https:\/\/www.xalo.org\/wp-content\/uploads\/2018\/07\/fse.jpg","inLanguage":"es"},{"@type":"WebPage","@id":"https:\/\/www.xalo.org\/subvencions-empuju-i-emcuju\/","url":"https:\/\/www.xalo.org\/subvencions-empuju-i-emcuju\/","name":"[:va]Subvencions EMPUJU i EMCUJU[:es]Subvenciones EMPUJU y EMCUJU[:] - Ayto. Xal\u00f3","isPartOf":{"@id":"https:\/\/www.xalo.org\/#website"},"primaryImageOfPage":{"@id":"https:\/\/www.xalo.org\/subvencions-empuju-i-emcuju\/#primaryimage"},"image":{"@id":"https:\/\/www.xalo.org\/subvencions-empuju-i-emcuju\/#primaryimage"},"thumbnailUrl":"https:\/\/www.xalo.org\/wp-content\/uploads\/2018\/07\/fse.jpg","datePublished":"2018-07-31T07:12:27+00:00","dateModified":"2018-07-31T07:19:53+00:00","breadcrumb":{"@id":"https:\/\/www.xalo.org\/subvencions-empuju-i-emcuju\/#breadcrumb"},"inLanguage":"es","potentialAction":[{"@type":"ReadAction","target":["https:\/\/www.xalo.org\/subvencions-empuju-i-emcuju\/"]}]},{"@type":"ImageObject","inLanguage":"es","@id":"https:\/\/www.xalo.org\/subvencions-empuju-i-emcuju\/#primaryimage","url":"https:\/\/www.xalo.org\/wp-content\/uploads\/2018\/07\/fse.jpg","contentUrl":"https:\/\/www.xalo.org\/wp-content\/uploads\/2018\/07\/fse.jpg","width":242,"height":169},{"@type":"BreadcrumbList","@id":"https:\/\/www.xalo.org\/subvencions-empuju-i-emcuju\/#breadcrumb","itemListElement":[{"@type":"ListItem","position":1,"name":"Home","item":"https:\/\/www.xalo.org\/"},{"@type":"ListItem","position":2,"name":"Subvencions EMPUJU i EMCUJU"}]},{"@type":"WebSite","@id":"https:\/\/www.xalo.org\/#website","url":"https:\/\/www.xalo.org\/","name":"Ajuntament de Xalo","description":"(Valenci\u00e0) Ajuntament de Xal\u00f3","publisher":{"@id":"https:\/\/www.xalo.org\/#organization"},"potentialAction":[{"@type":"SearchAction","target":{"@type":"EntryPoint","urlTemplate":"https:\/\/www.xalo.org\/?s={search_term_string}"},"query-input":{"@type":"PropertyValueSpecification","valueRequired":true,"valueName":"search_term_string"}}],"inLanguage":"es"},{"@type":"Organization","@id":"https:\/\/www.xalo.org\/#organization","name":"Ajuntament de Xalo","url":"https:\/\/www.xalo.org\/","logo":{"@type":"ImageObject","inLanguage":"es","@id":"https:\/\/www.xalo.org\/#\/schema\/logo\/image\/","url":"https:\/\/www.xalo.org\/wp-content\/uploads\/2015\/12\/logo.png","contentUrl":"https:\/\/www.xalo.org\/wp-content\/uploads\/2015\/12\/logo.png","width":180,"height":172,"caption":"Ajuntament de Xalo"},"image":{"@id":"https:\/\/www.xalo.org\/#\/schema\/logo\/image\/"}},{"@type":"Person","@id":"https:\/\/www.xalo.org\/#\/schema\/person\/7933b59f18a5c32203b67f7b5d6e71f0","name":"Ajuntament Xal\u00f3","image":{"@type":"ImageObject","inLanguage":"es","@id":"https:\/\/secure.gravatar.com\/avatar\/1acf88fe58aa34b57ac82e647b1ee92a069606423a5fb6237dcc6dffbf07f901?s=96&d=mm&r=g","url":"https:\/\/secure.gravatar.com\/avatar\/1acf88fe58aa34b57ac82e647b1ee92a069606423a5fb6237dcc6dffbf07f901?s=96&d=mm&r=g","contentUrl":"https:\/\/secure.gravatar.com\/avatar\/1acf88fe58aa34b57ac82e647b1ee92a069606423a5fb6237dcc6dffbf07f901?s=96&d=mm&r=g","caption":"Ajuntament Xal\u00f3"},"url":"https:\/\/www.xalo.org\/es\/author\/admin\/"}]}},"_links":{"self":[{"href":"https:\/\/www.xalo.org\/es\/wp-json\/wp\/v2\/posts\/3530","targetHints":{"allow":["GET"]}}],"collection":[{"href":"https:\/\/www.xalo.org\/es\/wp-json\/wp\/v2\/posts"}],"about":[{"href":"https:\/\/www.xalo.org\/es\/wp-json\/wp\/v2\/types\/post"}],"author":[{"embeddable":true,"href":"https:\/\/www.xalo.org\/es\/wp-json\/wp\/v2\/users\/1"}],"replies":[{"embeddable":true,"href":"https:\/\/www.xalo.org\/es\/wp-json\/wp\/v2\/comments?post=3530"}],"version-history":[{"count":0,"href":"https:\/\/www.xalo.org\/es\/wp-json\/wp\/v2\/posts\/3530\/revisions"}],"wp:featuredmedia":[{"embeddable":true,"href":"https:\/\/www.xalo.org\/es\/wp-json\/wp\/v2\/media\/3531"}],"wp:attachment":[{"href":"https:\/\/www.xalo.org\/es\/wp-json\/wp\/v2\/media?parent=3530"}],"wp:term":[{"taxonomy":"category","embeddable":true,"href":"https:\/\/www.xalo.org\/es\/wp-json\/wp\/v2\/categories?post=3530"},{"taxonomy":"post_tag","embeddable":true,"href":"https:\/\/www.xalo.org\/es\/wp-json\/wp\/v2\/tags?post=3530"}],"curies":[{"name":"wp","href":"https:\/\/api.w.org\/{rel}","templated":true}]}}