{"id":3680,"date":"2018-11-05T11:48:09","date_gmt":"2018-11-05T10:48:09","guid":{"rendered":"https:\/\/www.xalo.org\/?p=3680"},"modified":"2018-11-05T12:42:53","modified_gmt":"2018-11-05T11:42:53","slug":"rallye-la-nucia-pas-per-bernia-10-novembre","status":"publish","type":"post","link":"https:\/\/www.xalo.org\/es\/rallye-la-nucia-pas-per-bernia-10-novembre\/","title":{"rendered":"Rallye la Nucia &#8211; Paso por B\u00e8rnia 10 noviembre"},"content":{"rendered":"<p>Os informamos de los once tramos en cinco secciones componen el recorrido del 24 Rallye La Nuc\u00eda-Mediterr\u00e1neo &#8216;Trofeo Costa Blanca&#8217; y de su paso por Xal\u00f3 (B\u00e8rnia).<\/p>\n<p><img decoding=\"async\" class=\"aligncenter wp-image-3681 size-medium\" src=\"https:\/\/www.xalo.org\/wp-content\/uploads\/2018\/11\/image11-480x348.jpeg\" alt=\"planol rallye\" width=\"480\" height=\"348\" srcset=\"https:\/\/www.xalo.org\/wp-content\/uploads\/2018\/11\/image11-480x348.jpeg 480w, https:\/\/www.xalo.org\/wp-content\/uploads\/2018\/11\/image11.jpeg 640w\" sizes=\"(max-width: 480px) 100vw, 480px\" \/><\/p>\n<p><img decoding=\"async\" class=\"aligncenter wp-image-3682 size-medium\" src=\"https:\/\/www.xalo.org\/wp-content\/uploads\/2018\/11\/image2-366x480.jpeg\" alt=\"llistat trams rallye\" width=\"366\" height=\"480\" srcset=\"https:\/\/www.xalo.org\/wp-content\/uploads\/2018\/11\/image2-366x480.jpeg 366w, https:\/\/www.xalo.org\/wp-content\/uploads\/2018\/11\/image2.jpeg 488w\" sizes=\"(max-width: 366px) 100vw, 366px\" \/><\/p>\n<p>&nbsp;<\/p>\n<p>Un total de 571,46 kil\u00f3metros, 175,59 de ellos cronometrados \u2013el 30,73%\u00ad-, deber\u00e1n afrontar los participantes en la 24 edici\u00f3n del Rallye La Nuc\u00eda-Mediterr\u00e1neo Trofeo Costablanca. Se disputar\u00e1 los d\u00edas 9 y 10 de noviembre. Adjuntamos el recorrido, el cual integran once tramos cronometrados, distribuidos en dos etapas y cinco secciones.<\/p>\n<p>El dia 10 se afrontar\u00e1n las especiales Bolulla-Rates, de 18,28 kil\u00f3metros y<strong> Xal\u00f3, de 22 kil\u00f3metros.<\/strong><\/p>\n<p>Rogamos observen los cambios en calzadas y extremen la precauci\u00f3n.<\/p>\n<p>M\u00e1s informaci\u00f3n en:<\/p>\n<p><a href=\"https:\/\/www.valldepop.es\/ver\/3500\/24%BA-Rally-La-Nucia--Mediterr%C3%A1neo-en-Xal%C3%B3.html\">https:\/\/www.valldepop.es\/ver\/3500\/24%BA-Rally-La-Nucia&#8211;Mediterr%C3%A1neo-en-Xal%C3%B3.html<\/a><\/p>\n<p><a href=\"https:\/\/www.rallyelanucia.com\/dcs\/tc\/Itinerario-Horario_Nucia2018.pdf\" target=\"_blank\" rel=\"noopener\" data-saferedirecturl=\"https:\/\/www.google.com\/url?q=https:\/\/www.rallyelanucia.com\/dcs\/tc\/Itinerario-Horario_Nucia2018.pdf&amp;source=gmail&amp;ust=1541496182121000&amp;usg=AFQjCNHwbr1N1wXD86zH6zsCHzWrJlQZ0g\">https:\/\/www.rallyelanucia.<wbr \/>com\/dcs\/tc\/Itinerario-Horario_<wbr \/>Nucia2018.pdf<\/a><\/p>\n<p>&nbsp;<\/p>","protected":false},"excerpt":{"rendered":"<p>Os informamos de los once tramos en cinco secciones componen el recorrido del 24 Rallye La Nuc\u00eda-Mediterr\u00e1neo &#8216;Trofeo Costa Blanca&#8217; y de su paso por Xal\u00f3 (B\u00e8rnia). &nbsp; Un total de 571,46 kil\u00f3metros, 175,59 de ellos cronometrados \u2013el 30,73%\u00ad-, deber\u00e1n afrontar los participantes en la 24 edici\u00f3n del Rallye La Nuc\u00eda-Mediterr\u00e1neo Trofeo Costablanca. Se disputar\u00e1 [&hellip;]<\/p>\n","protected":false},"author":1,"featured_media":3681,"comment_status":"closed","ping_status":"closed","sticky":false,"template":"","format":"standard","meta":{"_et_pb_use_builder":"","_et_pb_old_content":"","_et_gb_content_width":"","_uf_show_specific_survey":0,"_uf_disable_surveys":false,"footnotes":""},"categories":[27,45,10],"tags":[],"class_list":["post-3680","post","type-post","status-publish","format-standard","has-post-thumbnail","hentry","category-destacades","category-esports","category-noticias"],"yoast_head":"<!-- This site is optimized with the Yoast SEO plugin v28.3 - https:\/\/yoast.com\/product\/yoast-seo-wordpress\/ -->\n<title>Rallye la Nucia - Paso por B\u00e8rnia 10 noviembre - Ayto. Xal\u00f3<\/title>\n<meta name=\"robots\" content=\"index, follow, max-snippet:-1, max-image-preview:large, max-video-preview:-1\" \/>\n<link rel=\"canonical\" href=\"https:\/\/www.xalo.org\/rallye-la-nucia-pas-per-bernia-10-novembre\/\" \/>\n<meta property=\"og:locale\" content=\"es_ES\" \/>\n<meta property=\"og:type\" content=\"article\" \/>\n<meta property=\"og:title\" content=\"[:va]Ral.li la Nucia - Pas per B\u00e8rnia 10 novembre[:es]Rallye la Nucia - Paso por B\u00e8rnia 10 noviembre[:en]Rallye - 10 November Xal\u00f3 (B\u00e8rnia)[:] - Ayto. Xal\u00f3\" \/>\n<meta property=\"og:description\" content=\"Os informamos de los once tramos en cinco secciones componen el recorrido del 24 Rallye La Nuc\u00eda-Mediterr\u00e1neo &#8216;Trofeo Costa Blanca&#8217; y de su paso por Xal\u00f3 (B\u00e8rnia). &nbsp; Un total de 571,46 kil\u00f3metros, 175,59 de ellos cronometrados \u2013el 30,73%\u00ad-, deber\u00e1n afrontar los participantes en la 24 edici\u00f3n del Rallye La Nuc\u00eda-Mediterr\u00e1neo Trofeo Costablanca. Se disputar\u00e1 [&hellip;]\" \/>\n<meta property=\"og:url\" content=\"https:\/\/www.xalo.org\/rallye-la-nucia-pas-per-bernia-10-novembre\/\" \/>\n<meta property=\"og:site_name\" content=\"Ayto. Xal\u00f3\" \/>\n<meta property=\"article:published_time\" content=\"2018-11-05T10:48:09+00:00\" \/>\n<meta property=\"article:modified_time\" content=\"2018-11-05T11:42:53+00:00\" \/>\n<meta property=\"og:image\" content=\"https:\/\/www.xalo.org\/wp-content\/uploads\/2018\/11\/image11.jpeg\" \/>\n\t<meta property=\"og:image:width\" content=\"640\" \/>\n\t<meta property=\"og:image:height\" content=\"464\" \/>\n\t<meta property=\"og:image:type\" content=\"image\/jpeg\" \/>\n<meta name=\"author\" content=\"Ajuntament Xal\u00f3\" \/>\n<meta name=\"twitter:card\" content=\"summary_large_image\" \/>\n<meta name=\"twitter:label1\" content=\"Escrito por\" \/>\n\t<meta name=\"twitter:data1\" content=\"Ajuntament Xal\u00f3\" \/>\n\t<meta name=\"twitter:label2\" content=\"Tiempo de lectura\" \/>\n\t<meta name=\"twitter:data2\" content=\"2 minutos\" \/>\n<script type=\"application\/ld+json\" class=\"yoast-schema-graph\">{\"@context\":\"https:\\\/\\\/schema.org\",\"@graph\":[{\"@type\":\"Article\",\"@id\":\"https:\\\/\\\/www.xalo.org\\\/rallye-la-nucia-pas-per-bernia-10-novembre\\\/#article\",\"isPartOf\":{\"@id\":\"https:\\\/\\\/www.xalo.org\\\/rallye-la-nucia-pas-per-bernia-10-novembre\\\/\"},\"author\":{\"name\":\"Ajuntament Xal\u00f3\",\"@id\":\"https:\\\/\\\/www.xalo.org\\\/#\\\/schema\\\/person\\\/7933b59f18a5c32203b67f7b5d6e71f0\"},\"headline\":\"Rallye la Nucia &#8211; Paso por B\u00e8rnia 10 noviembre\",\"datePublished\":\"2018-11-05T10:48:09+00:00\",\"dateModified\":\"2018-11-05T11:42:53+00:00\",\"mainEntityOfPage\":{\"@id\":\"https:\\\/\\\/www.xalo.org\\\/rallye-la-nucia-pas-per-bernia-10-novembre\\\/\"},\"wordCount\":381,\"publisher\":{\"@id\":\"https:\\\/\\\/www.xalo.org\\\/#organization\"},\"image\":{\"@id\":\"https:\\\/\\\/www.xalo.org\\\/rallye-la-nucia-pas-per-bernia-10-novembre\\\/#primaryimage\"},\"thumbnailUrl\":\"https:\\\/\\\/www.xalo.org\\\/wp-content\\\/uploads\\\/2018\\\/11\\\/image11.jpeg\",\"articleSection\":[\"Destacadas\",\"Esports\",\"Noticias\"],\"inLanguage\":\"es\"},{\"@type\":\"WebPage\",\"@id\":\"https:\\\/\\\/www.xalo.org\\\/rallye-la-nucia-pas-per-bernia-10-novembre\\\/\",\"url\":\"https:\\\/\\\/www.xalo.org\\\/rallye-la-nucia-pas-per-bernia-10-novembre\\\/\",\"name\":\"[:va]Ral.li la Nucia - Pas per B\u00e8rnia 10 novembre[:es]Rallye la Nucia - Paso por B\u00e8rnia 10 noviembre[:en]Rallye - 10 November Xal\u00f3 (B\u00e8rnia)[:] - Ayto. Xal\u00f3\",\"isPartOf\":{\"@id\":\"https:\\\/\\\/www.xalo.org\\\/#website\"},\"primaryImageOfPage\":{\"@id\":\"https:\\\/\\\/www.xalo.org\\\/rallye-la-nucia-pas-per-bernia-10-novembre\\\/#primaryimage\"},\"image\":{\"@id\":\"https:\\\/\\\/www.xalo.org\\\/rallye-la-nucia-pas-per-bernia-10-novembre\\\/#primaryimage\"},\"thumbnailUrl\":\"https:\\\/\\\/www.xalo.org\\\/wp-content\\\/uploads\\\/2018\\\/11\\\/image11.jpeg\",\"datePublished\":\"2018-11-05T10:48:09+00:00\",\"dateModified\":\"2018-11-05T11:42:53+00:00\",\"breadcrumb\":{\"@id\":\"https:\\\/\\\/www.xalo.org\\\/rallye-la-nucia-pas-per-bernia-10-novembre\\\/#breadcrumb\"},\"inLanguage\":\"es\",\"potentialAction\":[{\"@type\":\"ReadAction\",\"target\":[\"https:\\\/\\\/www.xalo.org\\\/rallye-la-nucia-pas-per-bernia-10-novembre\\\/\"]}]},{\"@type\":\"ImageObject\",\"inLanguage\":\"es\",\"@id\":\"https:\\\/\\\/www.xalo.org\\\/rallye-la-nucia-pas-per-bernia-10-novembre\\\/#primaryimage\",\"url\":\"https:\\\/\\\/www.xalo.org\\\/wp-content\\\/uploads\\\/2018\\\/11\\\/image11.jpeg\",\"contentUrl\":\"https:\\\/\\\/www.xalo.org\\\/wp-content\\\/uploads\\\/2018\\\/11\\\/image11.jpeg\",\"width\":640,\"height\":464},{\"@type\":\"BreadcrumbList\",\"@id\":\"https:\\\/\\\/www.xalo.org\\\/rallye-la-nucia-pas-per-bernia-10-novembre\\\/#breadcrumb\",\"itemListElement\":[{\"@type\":\"ListItem\",\"position\":1,\"name\":\"Home\",\"item\":\"https:\\\/\\\/www.xalo.org\\\/\"},{\"@type\":\"ListItem\",\"position\":2,\"name\":\"Ral.li la Nucia &#8211; Pas per B\u00e8rnia 10 novembre\"}]},{\"@type\":\"WebSite\",\"@id\":\"https:\\\/\\\/www.xalo.org\\\/#website\",\"url\":\"https:\\\/\\\/www.xalo.org\\\/\",\"name\":\"Ajuntament de Xalo\",\"description\":\"(Valenci\u00e0) Ajuntament de Xal\u00f3\",\"publisher\":{\"@id\":\"https:\\\/\\\/www.xalo.org\\\/#organization\"},\"potentialAction\":[{\"@type\":\"SearchAction\",\"target\":{\"@type\":\"EntryPoint\",\"urlTemplate\":\"https:\\\/\\\/www.xalo.org\\\/?s={search_term_string}\"},\"query-input\":{\"@type\":\"PropertyValueSpecification\",\"valueRequired\":true,\"valueName\":\"search_term_string\"}}],\"inLanguage\":\"es\"},{\"@type\":\"Organization\",\"@id\":\"https:\\\/\\\/www.xalo.org\\\/#organization\",\"name\":\"Ajuntament de Xalo\",\"url\":\"https:\\\/\\\/www.xalo.org\\\/\",\"logo\":{\"@type\":\"ImageObject\",\"inLanguage\":\"es\",\"@id\":\"https:\\\/\\\/www.xalo.org\\\/#\\\/schema\\\/logo\\\/image\\\/\",\"url\":\"https:\\\/\\\/www.xalo.org\\\/wp-content\\\/uploads\\\/2015\\\/12\\\/logo.png\",\"contentUrl\":\"https:\\\/\\\/www.xalo.org\\\/wp-content\\\/uploads\\\/2015\\\/12\\\/logo.png\",\"width\":180,\"height\":172,\"caption\":\"Ajuntament de Xalo\"},\"image\":{\"@id\":\"https:\\\/\\\/www.xalo.org\\\/#\\\/schema\\\/logo\\\/image\\\/\"}},{\"@type\":\"Person\",\"@id\":\"https:\\\/\\\/www.xalo.org\\\/#\\\/schema\\\/person\\\/7933b59f18a5c32203b67f7b5d6e71f0\",\"name\":\"Ajuntament Xal\u00f3\",\"image\":{\"@type\":\"ImageObject\",\"inLanguage\":\"es\",\"@id\":\"https:\\\/\\\/secure.gravatar.com\\\/avatar\\\/1acf88fe58aa34b57ac82e647b1ee92a069606423a5fb6237dcc6dffbf07f901?s=96&d=mm&r=g\",\"url\":\"https:\\\/\\\/secure.gravatar.com\\\/avatar\\\/1acf88fe58aa34b57ac82e647b1ee92a069606423a5fb6237dcc6dffbf07f901?s=96&d=mm&r=g\",\"contentUrl\":\"https:\\\/\\\/secure.gravatar.com\\\/avatar\\\/1acf88fe58aa34b57ac82e647b1ee92a069606423a5fb6237dcc6dffbf07f901?s=96&d=mm&r=g\",\"caption\":\"Ajuntament Xal\u00f3\"},\"url\":\"https:\\\/\\\/www.xalo.org\\\/es\\\/author\\\/admin\\\/\"}]}<\/script>\n<!-- \/ Yoast SEO plugin. -->","yoast_head_json":{"title":"[:va]Ral.li la Nucia - Pas per B\u00e8rnia 10 novembre[:es]Rallye la Nucia - Paso por B\u00e8rnia 10 noviembre[:en]Rallye - 10 November Xal\u00f3 (B\u00e8rnia)[:] - Ayto. Xal\u00f3","robots":{"index":"index","follow":"follow","max-snippet":"max-snippet:-1","max-image-preview":"max-image-preview:large","max-video-preview":"max-video-preview:-1"},"canonical":"https:\/\/www.xalo.org\/rallye-la-nucia-pas-per-bernia-10-novembre\/","og_locale":"es_ES","og_type":"article","og_title":"[:va]Ral.li la Nucia - Pas per B\u00e8rnia 10 novembre[:es]Rallye la Nucia - Paso por B\u00e8rnia 10 noviembre[:en]Rallye - 10 November Xal\u00f3 (B\u00e8rnia)[:] - Ayto. Xal\u00f3","og_description":"Os informamos de los once tramos en cinco secciones componen el recorrido del 24 Rallye La Nuc\u00eda-Mediterr\u00e1neo &#8216;Trofeo Costa Blanca&#8217; y de su paso por Xal\u00f3 (B\u00e8rnia). &nbsp; Un total de 571,46 kil\u00f3metros, 175,59 de ellos cronometrados \u2013el 30,73%\u00ad-, deber\u00e1n afrontar los participantes en la 24 edici\u00f3n del Rallye La Nuc\u00eda-Mediterr\u00e1neo Trofeo Costablanca. Se disputar\u00e1 [&hellip;]","og_url":"https:\/\/www.xalo.org\/rallye-la-nucia-pas-per-bernia-10-novembre\/","og_site_name":"Ayto. Xal\u00f3","article_published_time":"2018-11-05T10:48:09+00:00","article_modified_time":"2018-11-05T11:42:53+00:00","og_image":[{"width":640,"height":464,"url":"https:\/\/www.xalo.org\/wp-content\/uploads\/2018\/11\/image11.jpeg","type":"image\/jpeg"}],"author":"Ajuntament Xal\u00f3","twitter_card":"summary_large_image","twitter_misc":{"Escrito por":"Ajuntament Xal\u00f3","Tiempo de lectura":"2 minutos"},"schema":{"@context":"https:\/\/schema.org","@graph":[{"@type":"Article","@id":"https:\/\/www.xalo.org\/rallye-la-nucia-pas-per-bernia-10-novembre\/#article","isPartOf":{"@id":"https:\/\/www.xalo.org\/rallye-la-nucia-pas-per-bernia-10-novembre\/"},"author":{"name":"Ajuntament Xal\u00f3","@id":"https:\/\/www.xalo.org\/#\/schema\/person\/7933b59f18a5c32203b67f7b5d6e71f0"},"headline":"Rallye la Nucia &#8211; Paso por B\u00e8rnia 10 noviembre","datePublished":"2018-11-05T10:48:09+00:00","dateModified":"2018-11-05T11:42:53+00:00","mainEntityOfPage":{"@id":"https:\/\/www.xalo.org\/rallye-la-nucia-pas-per-bernia-10-novembre\/"},"wordCount":381,"publisher":{"@id":"https:\/\/www.xalo.org\/#organization"},"image":{"@id":"https:\/\/www.xalo.org\/rallye-la-nucia-pas-per-bernia-10-novembre\/#primaryimage"},"thumbnailUrl":"https:\/\/www.xalo.org\/wp-content\/uploads\/2018\/11\/image11.jpeg","articleSection":["Destacadas","Esports","Noticias"],"inLanguage":"es"},{"@type":"WebPage","@id":"https:\/\/www.xalo.org\/rallye-la-nucia-pas-per-bernia-10-novembre\/","url":"https:\/\/www.xalo.org\/rallye-la-nucia-pas-per-bernia-10-novembre\/","name":"[:va]Ral.li la Nucia - Pas per B\u00e8rnia 10 novembre[:es]Rallye la Nucia - Paso por B\u00e8rnia 10 noviembre[:en]Rallye - 10 November Xal\u00f3 (B\u00e8rnia)[:] - Ayto. Xal\u00f3","isPartOf":{"@id":"https:\/\/www.xalo.org\/#website"},"primaryImageOfPage":{"@id":"https:\/\/www.xalo.org\/rallye-la-nucia-pas-per-bernia-10-novembre\/#primaryimage"},"image":{"@id":"https:\/\/www.xalo.org\/rallye-la-nucia-pas-per-bernia-10-novembre\/#primaryimage"},"thumbnailUrl":"https:\/\/www.xalo.org\/wp-content\/uploads\/2018\/11\/image11.jpeg","datePublished":"2018-11-05T10:48:09+00:00","dateModified":"2018-11-05T11:42:53+00:00","breadcrumb":{"@id":"https:\/\/www.xalo.org\/rallye-la-nucia-pas-per-bernia-10-novembre\/#breadcrumb"},"inLanguage":"es","potentialAction":[{"@type":"ReadAction","target":["https:\/\/www.xalo.org\/rallye-la-nucia-pas-per-bernia-10-novembre\/"]}]},{"@type":"ImageObject","inLanguage":"es","@id":"https:\/\/www.xalo.org\/rallye-la-nucia-pas-per-bernia-10-novembre\/#primaryimage","url":"https:\/\/www.xalo.org\/wp-content\/uploads\/2018\/11\/image11.jpeg","contentUrl":"https:\/\/www.xalo.org\/wp-content\/uploads\/2018\/11\/image11.jpeg","width":640,"height":464},{"@type":"BreadcrumbList","@id":"https:\/\/www.xalo.org\/rallye-la-nucia-pas-per-bernia-10-novembre\/#breadcrumb","itemListElement":[{"@type":"ListItem","position":1,"name":"Home","item":"https:\/\/www.xalo.org\/"},{"@type":"ListItem","position":2,"name":"Ral.li la Nucia &#8211; Pas per B\u00e8rnia 10 novembre"}]},{"@type":"WebSite","@id":"https:\/\/www.xalo.org\/#website","url":"https:\/\/www.xalo.org\/","name":"Ajuntament de Xalo","description":"(Valenci\u00e0) Ajuntament de Xal\u00f3","publisher":{"@id":"https:\/\/www.xalo.org\/#organization"},"potentialAction":[{"@type":"SearchAction","target":{"@type":"EntryPoint","urlTemplate":"https:\/\/www.xalo.org\/?s={search_term_string}"},"query-input":{"@type":"PropertyValueSpecification","valueRequired":true,"valueName":"search_term_string"}}],"inLanguage":"es"},{"@type":"Organization","@id":"https:\/\/www.xalo.org\/#organization","name":"Ajuntament de Xalo","url":"https:\/\/www.xalo.org\/","logo":{"@type":"ImageObject","inLanguage":"es","@id":"https:\/\/www.xalo.org\/#\/schema\/logo\/image\/","url":"https:\/\/www.xalo.org\/wp-content\/uploads\/2015\/12\/logo.png","contentUrl":"https:\/\/www.xalo.org\/wp-content\/uploads\/2015\/12\/logo.png","width":180,"height":172,"caption":"Ajuntament de Xalo"},"image":{"@id":"https:\/\/www.xalo.org\/#\/schema\/logo\/image\/"}},{"@type":"Person","@id":"https:\/\/www.xalo.org\/#\/schema\/person\/7933b59f18a5c32203b67f7b5d6e71f0","name":"Ajuntament Xal\u00f3","image":{"@type":"ImageObject","inLanguage":"es","@id":"https:\/\/secure.gravatar.com\/avatar\/1acf88fe58aa34b57ac82e647b1ee92a069606423a5fb6237dcc6dffbf07f901?s=96&d=mm&r=g","url":"https:\/\/secure.gravatar.com\/avatar\/1acf88fe58aa34b57ac82e647b1ee92a069606423a5fb6237dcc6dffbf07f901?s=96&d=mm&r=g","contentUrl":"https:\/\/secure.gravatar.com\/avatar\/1acf88fe58aa34b57ac82e647b1ee92a069606423a5fb6237dcc6dffbf07f901?s=96&d=mm&r=g","caption":"Ajuntament Xal\u00f3"},"url":"https:\/\/www.xalo.org\/es\/author\/admin\/"}]}},"_links":{"self":[{"href":"https:\/\/www.xalo.org\/es\/wp-json\/wp\/v2\/posts\/3680","targetHints":{"allow":["GET"]}}],"collection":[{"href":"https:\/\/www.xalo.org\/es\/wp-json\/wp\/v2\/posts"}],"about":[{"href":"https:\/\/www.xalo.org\/es\/wp-json\/wp\/v2\/types\/post"}],"author":[{"embeddable":true,"href":"https:\/\/www.xalo.org\/es\/wp-json\/wp\/v2\/users\/1"}],"replies":[{"embeddable":true,"href":"https:\/\/www.xalo.org\/es\/wp-json\/wp\/v2\/comments?post=3680"}],"version-history":[{"count":0,"href":"https:\/\/www.xalo.org\/es\/wp-json\/wp\/v2\/posts\/3680\/revisions"}],"wp:featuredmedia":[{"embeddable":true,"href":"https:\/\/www.xalo.org\/es\/wp-json\/wp\/v2\/media\/3681"}],"wp:attachment":[{"href":"https:\/\/www.xalo.org\/es\/wp-json\/wp\/v2\/media?parent=3680"}],"wp:term":[{"taxonomy":"category","embeddable":true,"href":"https:\/\/www.xalo.org\/es\/wp-json\/wp\/v2\/categories?post=3680"},{"taxonomy":"post_tag","embeddable":true,"href":"https:\/\/www.xalo.org\/es\/wp-json\/wp\/v2\/tags?post=3680"}],"curies":[{"name":"wp","href":"https:\/\/api.w.org\/{rel}","templated":true}]}}