{"id":3806,"date":"2019-03-12T14:09:25","date_gmt":"2019-03-12T13:09:25","guid":{"rendered":"https:\/\/www.xalo.org\/?p=3806"},"modified":"2019-03-13T15:30:53","modified_gmt":"2019-03-13T14:30:53","slug":"lescola-de-ciclisme-bernia-xalo-aconsegueix-bons-resultats-a-les-proves-de-chelva-i-chiva","status":"publish","type":"post","link":"https:\/\/www.xalo.org\/es\/lescola-de-ciclisme-bernia-xalo-aconsegueix-bons-resultats-a-les-proves-de-chelva-i-chiva\/","title":{"rendered":"La Escola de Ciclisme B\u00e8nia-Xal\u00f3 consigue muy buenos resultados en las pruebas de Chelva y Chiva"},"content":{"rendered":"<p><strong>El s\u00e1bado 2 de marzo y el domingo 10 de marzo la Escola de Ciclisme B\u00e8rnia-Xal\u00f3 visit\u00f3 Chelva y Chiva consiguiendo muy buenos resultados en las categor\u00edas de principiante e infantil para el Open BTT de la Comunidad Valenciana.<\/strong><\/p>\n<p>Chelva acogi\u00f3 el pasado s\u00e1bado 2 de marzo las pruebas para el Open BTT de Espa\u00f1a. La Escola de Ciclisme de Xal\u00f3 particip\u00f3 en la prueba puntuable para el Open BTT de la Comunidad Valenciana con muy buenos resultados: Pere Fullana, que participa en la categor\u00eda de principiante, qued\u00f3 en primer lugar tanto en la prueba de crono como en la carrera; Maria Mestre, tambi\u00e9n principiante, qued\u00f3 sexta en la prueba de crono y quinta en la carrera y, Miquel Sifre, en la categor\u00eda de infantil, qued\u00f3 primero en la prueba de crono y sexto en la carrera.<\/p>\n\n\t\t<style type=\"text\/css\">\n\t\t\t#gallery-2 {\n\t\t\t\tmargin: auto;\n\t\t\t}\n\t\t\t#gallery-2 .gallery-item {\n\t\t\t\tfloat: left;\n\t\t\t\tmargin-top: 10px;\n\t\t\t\ttext-align: center;\n\t\t\t\twidth: 33%;\n\t\t\t}\n\t\t\t#gallery-2 img {\n\t\t\t\tborder: 2px solid #cfcfcf;\n\t\t\t}\n\t\t\t#gallery-2 .gallery-caption {\n\t\t\t\tmargin-left: 0;\n\t\t\t}\n\t\t\t\/* see gallery_shortcode() in wp-includes\/media.php *\/\n\t\t<\/style>\n\t\t<div id='gallery-2' class='gallery galleryid-3806 gallery-columns-3 gallery-size-large'><dl class='gallery-item'>\n\t\t\t<dt class='gallery-icon landscape'>\n\t\t\t\t<a href='https:\/\/www.xalo.org\/es\/lescola-de-ciclisme-bernia-xalo-aconsegueix-bons-resultats-a-les-proves-de-chelva-i-chiva\/53010772_371404323441384_3769477974319955968_o\/'><img decoding=\"async\" width=\"1024\" height=\"881\" src=\"https:\/\/www.xalo.org\/wp-content\/uploads\/2019\/03\/53010772_371404323441384_3769477974319955968_o-1024x881.jpg\" class=\"attachment-large size-large\" alt=\"\" srcset=\"https:\/\/www.xalo.org\/wp-content\/uploads\/2019\/03\/53010772_371404323441384_3769477974319955968_o-1024x881.jpg 1024w, https:\/\/www.xalo.org\/wp-content\/uploads\/2019\/03\/53010772_371404323441384_3769477974319955968_o-480x413.jpg 480w, https:\/\/www.xalo.org\/wp-content\/uploads\/2019\/03\/53010772_371404323441384_3769477974319955968_o-1080x929.jpg 1080w, https:\/\/www.xalo.org\/wp-content\/uploads\/2019\/03\/53010772_371404323441384_3769477974319955968_o.jpg 1302w\" sizes=\"(max-width: 1024px) 100vw, 1024px\" \/><\/a>\n\t\t\t<\/dt><\/dl><dl class='gallery-item'>\n\t\t\t<dt class='gallery-icon landscape'>\n\t\t\t\t<a href='https:\/\/www.xalo.org\/es\/lescola-de-ciclisme-bernia-xalo-aconsegueix-bons-resultats-a-les-proves-de-chelva-i-chiva\/53014723_371404493441367_233771298939994112_o\/'><img decoding=\"async\" width=\"1024\" height=\"768\" src=\"https:\/\/www.xalo.org\/wp-content\/uploads\/2019\/03\/53014723_371404493441367_233771298939994112_o-1024x768.jpg\" class=\"attachment-large size-large\" alt=\"\" srcset=\"https:\/\/www.xalo.org\/wp-content\/uploads\/2019\/03\/53014723_371404493441367_233771298939994112_o-1024x768.jpg 1024w, https:\/\/www.xalo.org\/wp-content\/uploads\/2019\/03\/53014723_371404493441367_233771298939994112_o-480x360.jpg 480w, https:\/\/www.xalo.org\/wp-content\/uploads\/2019\/03\/53014723_371404493441367_233771298939994112_o-510x382.jpg 510w, https:\/\/www.xalo.org\/wp-content\/uploads\/2019\/03\/53014723_371404493441367_233771298939994112_o-1080x810.jpg 1080w, https:\/\/www.xalo.org\/wp-content\/uploads\/2019\/03\/53014723_371404493441367_233771298939994112_o.jpg 1600w\" sizes=\"(max-width: 1024px) 100vw, 1024px\" \/><\/a>\n\t\t\t<\/dt><\/dl><dl class='gallery-item'>\n\t\t\t<dt class='gallery-icon landscape'>\n\t\t\t\t<a href='https:\/\/www.xalo.org\/es\/lescola-de-ciclisme-bernia-xalo-aconsegueix-bons-resultats-a-les-proves-de-chelva-i-chiva\/53362456_371404593441357_1427574518473293824_o\/'><img decoding=\"async\" width=\"1024\" height=\"829\" src=\"https:\/\/www.xalo.org\/wp-content\/uploads\/2019\/03\/53362456_371404593441357_1427574518473293824_o-1024x829.jpg\" class=\"attachment-large size-large\" alt=\"\" srcset=\"https:\/\/www.xalo.org\/wp-content\/uploads\/2019\/03\/53362456_371404593441357_1427574518473293824_o-1024x829.jpg 1024w, https:\/\/www.xalo.org\/wp-content\/uploads\/2019\/03\/53362456_371404593441357_1427574518473293824_o-480x389.jpg 480w, https:\/\/www.xalo.org\/wp-content\/uploads\/2019\/03\/53362456_371404593441357_1427574518473293824_o-1080x874.jpg 1080w, https:\/\/www.xalo.org\/wp-content\/uploads\/2019\/03\/53362456_371404593441357_1427574518473293824_o.jpg 1600w\" sizes=\"(max-width: 1024px) 100vw, 1024px\" \/><\/a>\n\t\t\t<\/dt><\/dl><br style=\"clear: both\" \/><dl class='gallery-item'>\n\t\t\t<dt class='gallery-icon landscape'>\n\t\t\t\t<a href='https:\/\/www.xalo.org\/es\/lescola-de-ciclisme-bernia-xalo-aconsegueix-bons-resultats-a-les-proves-de-chelva-i-chiva\/53221742_371404676774682_3513886162752110592_o\/'><img decoding=\"async\" width=\"1024\" height=\"768\" src=\"https:\/\/www.xalo.org\/wp-content\/uploads\/2019\/03\/53221742_371404676774682_3513886162752110592_o-1024x768.jpg\" class=\"attachment-large size-large\" alt=\"\" srcset=\"https:\/\/www.xalo.org\/wp-content\/uploads\/2019\/03\/53221742_371404676774682_3513886162752110592_o-1024x768.jpg 1024w, https:\/\/www.xalo.org\/wp-content\/uploads\/2019\/03\/53221742_371404676774682_3513886162752110592_o-480x360.jpg 480w, https:\/\/www.xalo.org\/wp-content\/uploads\/2019\/03\/53221742_371404676774682_3513886162752110592_o-510x382.jpg 510w, https:\/\/www.xalo.org\/wp-content\/uploads\/2019\/03\/53221742_371404676774682_3513886162752110592_o-1080x810.jpg 1080w, https:\/\/www.xalo.org\/wp-content\/uploads\/2019\/03\/53221742_371404676774682_3513886162752110592_o.jpg 1600w\" sizes=\"(max-width: 1024px) 100vw, 1024px\" \/><\/a>\n\t\t\t<\/dt><\/dl><dl class='gallery-item'>\n\t\t\t<dt class='gallery-icon landscape'>\n\t\t\t\t<a href='https:\/\/www.xalo.org\/es\/lescola-de-ciclisme-bernia-xalo-aconsegueix-bons-resultats-a-les-proves-de-chelva-i-chiva\/53155032_371404760108007_1045190225740955648_o\/'><img decoding=\"async\" width=\"1024\" height=\"768\" src=\"https:\/\/www.xalo.org\/wp-content\/uploads\/2019\/03\/53155032_371404760108007_1045190225740955648_o-1024x768.jpg\" class=\"attachment-large size-large\" alt=\"\" srcset=\"https:\/\/www.xalo.org\/wp-content\/uploads\/2019\/03\/53155032_371404760108007_1045190225740955648_o-1024x768.jpg 1024w, https:\/\/www.xalo.org\/wp-content\/uploads\/2019\/03\/53155032_371404760108007_1045190225740955648_o-480x360.jpg 480w, https:\/\/www.xalo.org\/wp-content\/uploads\/2019\/03\/53155032_371404760108007_1045190225740955648_o-510x382.jpg 510w, https:\/\/www.xalo.org\/wp-content\/uploads\/2019\/03\/53155032_371404760108007_1045190225740955648_o-1080x810.jpg 1080w, https:\/\/www.xalo.org\/wp-content\/uploads\/2019\/03\/53155032_371404760108007_1045190225740955648_o.jpg 1600w\" sizes=\"(max-width: 1024px) 100vw, 1024px\" \/><\/a>\n\t\t\t<\/dt><\/dl><dl class='gallery-item'>\n\t\t\t<dt class='gallery-icon landscape'>\n\t\t\t\t<a href='https:\/\/www.xalo.org\/es\/lescola-de-ciclisme-bernia-xalo-aconsegueix-bons-resultats-a-les-proves-de-chelva-i-chiva\/53183054_371404796774670_170735807693324288_o\/'><img decoding=\"async\" width=\"1024\" height=\"793\" src=\"https:\/\/www.xalo.org\/wp-content\/uploads\/2019\/03\/53183054_371404796774670_170735807693324288_o-1024x793.jpg\" class=\"attachment-large size-large\" alt=\"\" srcset=\"https:\/\/www.xalo.org\/wp-content\/uploads\/2019\/03\/53183054_371404796774670_170735807693324288_o-1024x793.jpg 1024w, https:\/\/www.xalo.org\/wp-content\/uploads\/2019\/03\/53183054_371404796774670_170735807693324288_o-480x372.jpg 480w, https:\/\/www.xalo.org\/wp-content\/uploads\/2019\/03\/53183054_371404796774670_170735807693324288_o-1080x836.jpg 1080w, https:\/\/www.xalo.org\/wp-content\/uploads\/2019\/03\/53183054_371404796774670_170735807693324288_o.jpg 1600w\" sizes=\"(max-width: 1024px) 100vw, 1024px\" \/><\/a>\n\t\t\t<\/dt><\/dl><br style=\"clear: both\" \/><dl class='gallery-item'>\n\t\t\t<dt class='gallery-icon landscape'>\n\t\t\t\t<a href='https:\/\/www.xalo.org\/es\/lescola-de-ciclisme-bernia-xalo-aconsegueix-bons-resultats-a-les-proves-de-chelva-i-chiva\/53928435_373871346528015_1678581241999261696_o\/'><img decoding=\"async\" width=\"1024\" height=\"785\" src=\"https:\/\/www.xalo.org\/wp-content\/uploads\/2019\/03\/53928435_373871346528015_1678581241999261696_o-1024x785.jpg\" class=\"attachment-large size-large\" alt=\"\" srcset=\"https:\/\/www.xalo.org\/wp-content\/uploads\/2019\/03\/53928435_373871346528015_1678581241999261696_o-1024x785.jpg 1024w, https:\/\/www.xalo.org\/wp-content\/uploads\/2019\/03\/53928435_373871346528015_1678581241999261696_o-480x368.jpg 480w, https:\/\/www.xalo.org\/wp-content\/uploads\/2019\/03\/53928435_373871346528015_1678581241999261696_o-1080x828.jpg 1080w, https:\/\/www.xalo.org\/wp-content\/uploads\/2019\/03\/53928435_373871346528015_1678581241999261696_o.jpg 1600w\" sizes=\"(max-width: 1024px) 100vw, 1024px\" \/><\/a>\n\t\t\t<\/dt><\/dl><dl class='gallery-item'>\n\t\t\t<dt class='gallery-icon landscape'>\n\t\t\t\t<a href='https:\/\/www.xalo.org\/es\/lescola-de-ciclisme-bernia-xalo-aconsegueix-bons-resultats-a-les-proves-de-chelva-i-chiva\/53719231_373871369861346_182669013548007424_o\/'><img decoding=\"async\" width=\"1024\" height=\"810\" src=\"https:\/\/www.xalo.org\/wp-content\/uploads\/2019\/03\/53719231_373871369861346_182669013548007424_o-1024x810.jpg\" class=\"attachment-large size-large\" alt=\"\" srcset=\"https:\/\/www.xalo.org\/wp-content\/uploads\/2019\/03\/53719231_373871369861346_182669013548007424_o-1024x810.jpg 1024w, https:\/\/www.xalo.org\/wp-content\/uploads\/2019\/03\/53719231_373871369861346_182669013548007424_o-480x380.jpg 480w, https:\/\/www.xalo.org\/wp-content\/uploads\/2019\/03\/53719231_373871369861346_182669013548007424_o-1080x855.jpg 1080w, https:\/\/www.xalo.org\/wp-content\/uploads\/2019\/03\/53719231_373871369861346_182669013548007424_o.jpg 1600w\" sizes=\"(max-width: 1024px) 100vw, 1024px\" \/><\/a>\n\t\t\t<\/dt><\/dl><dl class='gallery-item'>\n\t\t\t<dt class='gallery-icon landscape'>\n\t\t\t\t<a href='https:\/\/www.xalo.org\/es\/lescola-de-ciclisme-bernia-xalo-aconsegueix-bons-resultats-a-les-proves-de-chelva-i-chiva\/53857834_373871426528007_1607880015813279744_o\/'><img decoding=\"async\" width=\"1024\" height=\"869\" src=\"https:\/\/www.xalo.org\/wp-content\/uploads\/2019\/03\/53857834_373871426528007_1607880015813279744_o-1024x869.jpg\" class=\"attachment-large size-large\" alt=\"\" srcset=\"https:\/\/www.xalo.org\/wp-content\/uploads\/2019\/03\/53857834_373871426528007_1607880015813279744_o-1024x869.jpg 1024w, https:\/\/www.xalo.org\/wp-content\/uploads\/2019\/03\/53857834_373871426528007_1607880015813279744_o-480x407.jpg 480w, https:\/\/www.xalo.org\/wp-content\/uploads\/2019\/03\/53857834_373871426528007_1607880015813279744_o-1080x917.jpg 1080w, https:\/\/www.xalo.org\/wp-content\/uploads\/2019\/03\/53857834_373871426528007_1607880015813279744_o.jpg 1599w\" sizes=\"(max-width: 1024px) 100vw, 1024px\" \/><\/a>\n\t\t\t<\/dt><\/dl><br style=\"clear: both\" \/>\n\t\t<\/div>\n\n<p>En la cita de este pasado fin de semana, el domingo 10 de marzo en Chiva, Pere Fullana repite primera posici\u00f3n en el p\u00f3dium, en la categor\u00eda de principiante. Maria Mestre qued\u00f3 sexta, tambi\u00e9n como principiante. Y Miquel Sifre quinto en la categor\u00eda de infantil.<\/p>\n<p>La pr\u00f3xima cita del Open BTT ser\u00e1 en Cofrents. Pero antes, en la vecina localidad de Benissa, el d\u00eda 17 de marzo, la Escola de Ciclisme B\u00e8rnia-Xal\u00f3 participar\u00e1 en la primera carrera de carretera.<\/p>\n<p>Tambi\u00e9n recodaros que el pr\u00f3ximo 30 de marzo se celebrar\u00e1 en Xal\u00f3 el V Trofeu BTT de Escuelas de Xal\u00f3. Las categor\u00edas participantes son Prebenjamines (2012-2011), Benjamines (2010-2009), Alevines (2008-2007), Infantiles (2006-2005), Cadetes\u00a0(2004-2003) i Juveniles (2002-2001). Pod\u00e9is inscribiros en el siguiente email: esports@xalo.org.<\/p>\n<p><img decoding=\"async\" class=\"size-full wp-image-3807 aligncenter\" src=\"https:\/\/www.xalo.org\/wp-content\/uploads\/2019\/03\/WhatsApp-Image-2019-02-21-at-16.44.20.jpeg\" alt=\"\" width=\"842\" height=\"1191\" srcset=\"https:\/\/www.xalo.org\/wp-content\/uploads\/2019\/03\/WhatsApp-Image-2019-02-21-at-16.44.20.jpeg 842w, https:\/\/www.xalo.org\/wp-content\/uploads\/2019\/03\/WhatsApp-Image-2019-02-21-at-16.44.20-339x480.jpeg 339w, https:\/\/www.xalo.org\/wp-content\/uploads\/2019\/03\/WhatsApp-Image-2019-02-21-at-16.44.20-724x1024.jpeg 724w\" sizes=\"(max-width: 842px) 100vw, 842px\" \/><\/p>\n<p>&nbsp;<\/p>","protected":false},"excerpt":{"rendered":"<p>El s\u00e1bado 2 de marzo y el domingo 10 de marzo la Escola de Ciclisme B\u00e8rnia-Xal\u00f3 visit\u00f3 Chelva y Chiva consiguiendo muy buenos resultados en las categor\u00edas de principiante e infantil para el Open BTT de la Comunidad Valenciana. Chelva acogi\u00f3 el pasado s\u00e1bado 2 de marzo las pruebas para el Open BTT de Espa\u00f1a. [&hellip;]<\/p>\n","protected":false},"author":1,"featured_media":3817,"comment_status":"closed","ping_status":"closed","sticky":false,"template":"","format":"standard","meta":{"_et_pb_use_builder":"","_et_pb_old_content":"","_et_gb_content_width":"","footnotes":""},"categories":[27,45,10],"tags":[73,74],"class_list":["post-3806","post","type-post","status-publish","format-standard","has-post-thumbnail","hentry","category-destacades","category-esports","category-noticias","tag-escola-de-ciclisme-bernia-xalo","tag-open-btt-comunitat-valenciana"],"aioseo_notices":[],"_links":{"self":[{"href":"https:\/\/www.xalo.org\/es\/wp-json\/wp\/v2\/posts\/3806","targetHints":{"allow":["GET"]}}],"collection":[{"href":"https:\/\/www.xalo.org\/es\/wp-json\/wp\/v2\/posts"}],"about":[{"href":"https:\/\/www.xalo.org\/es\/wp-json\/wp\/v2\/types\/post"}],"author":[{"embeddable":true,"href":"https:\/\/www.xalo.org\/es\/wp-json\/wp\/v2\/users\/1"}],"replies":[{"embeddable":true,"href":"https:\/\/www.xalo.org\/es\/wp-json\/wp\/v2\/comments?post=3806"}],"version-history":[{"count":0,"href":"https:\/\/www.xalo.org\/es\/wp-json\/wp\/v2\/posts\/3806\/revisions"}],"wp:featuredmedia":[{"embeddable":true,"href":"https:\/\/www.xalo.org\/es\/wp-json\/wp\/v2\/media\/3817"}],"wp:attachment":[{"href":"https:\/\/www.xalo.org\/es\/wp-json\/wp\/v2\/media?parent=3806"}],"wp:term":[{"taxonomy":"category","embeddable":true,"href":"https:\/\/www.xalo.org\/es\/wp-json\/wp\/v2\/categories?post=3806"},{"taxonomy":"post_tag","embeddable":true,"href":"https:\/\/www.xalo.org\/es\/wp-json\/wp\/v2\/tags?post=3806"}],"curies":[{"name":"wp","href":"https:\/\/api.w.org\/{rel}","templated":true}]}}