{"id":4195,"date":"2019-12-04T12:01:07","date_gmt":"2019-12-04T11:01:07","guid":{"rendered":"https:\/\/www.xalo.org\/?p=4195"},"modified":"2019-12-04T14:45:28","modified_gmt":"2019-12-04T13:45:28","slug":"totes-les-activitats-del-nadal-a-xalo","status":"publish","type":"post","link":"https:\/\/www.xalo.org\/es\/totes-les-activitats-del-nadal-a-xalo\/","title":{"rendered":"Todas las actividades de la Navidad en Xal\u00f3"},"content":{"rendered":"<p><\/p>\n<p align=\"LEFT\">Todo el mes de diciembre hay programadas una serie de actividades para disfrutar de una gran Navidad. A continuaci\u00f3n las ten\u00e9is d\u00eda a d\u00eda:<\/p>\n<p align=\"LEFT\"><strong><span style=\"color: #000000;\"><span style=\"font-family: Calibri, sans-serif;\"><span style=\"font-size: medium;\">1\/12\/20<\/span><\/span><\/span><span style=\"color: #000000;\"><span style=\"font-family: Calibri, sans-serif;\"><span style=\"font-size: medium;\">19 &#8211; <\/span><\/span><\/span><\/strong><strong><span style=\"color: #000000;\"><span style=\"font-family: Calibri, sans-serif;\"><span style=\"font-size: medium;\">Feria de Navidad Jalon Valley Arc<\/span><\/span><\/span><\/strong><\/p>\n<p align=\"LEFT\"><span style=\"color: #000000;\"><span style=\"font-family: Calibri, sans-serif;\"><span style=\"font-size: medium;\">9 a 14 h, en el Centro Social.<\/span><\/span><\/span><\/p>\n<p align=\"LEFT\"><strong><span style=\"color: #000000;\"><span style=\"font-family: Calibri, sans-serif;\"><span style=\"font-size: medium;\">2\/12<\/span><\/span><\/span><span style=\"color: #000000;\"><span style=\"font-family: Calibri, sans-serif;\"><span style=\"font-size: medium;\">\/201<\/span><\/span><\/span><span style=\"color: #000000;\"><span style=\"font-family: Calibri, sans-serif;\"><span style=\"font-size: medium;\">9 &#8211;\u00a0<\/span><\/span><\/span><span style=\"color: #000000;\"><span style=\"font-family: Calibri, sans-serif;\"><span style=\"font-size: medium;\">Donaci\u00f3n de sangre<\/span><\/span><\/span><\/strong><\/p>\n<p align=\"LEFT\"><span style=\"color: #000000;\"><span style=\"font-family: Calibri, sans-serif;\"><span style=\"font-size: medium;\">Consultorio m\u00e9dico.<\/span><\/span><\/span><\/p>\n<p align=\"LEFT\"><strong><span style=\"color: #000000;\"><span style=\"font-family: Calibri, sans-serif;\"><span style=\"font-size: medium;\">6\/12\/2019 &#8211; Pilota &#8211; <\/span><\/span><\/span><\/strong><strong><span style=\"color: #000000;\"><span style=\"font-family: Calibri, sans-serif;\"><span style=\"font-size: medium;\">IV Circuit a llargues 2019 La Bolata, en la C\/Iglesia<\/span><\/span><\/span><\/strong><\/p>\n<p align=\"LEFT\"><span style=\"color: #000000;\"><span style=\"font-family: Calibri, sans-serif;\"><span style=\"font-size: medium;\">10 h \u2013 CPV Relleu | CPV Parcent<\/span><\/span><\/span><\/p>\n<p align=\"LEFT\"><span style=\"color: #000000;\"><span style=\"font-family: Calibri, sans-serif;\"><span style=\"font-size: medium;\">12 h \u2013 CPV Benidorm | CPV Sevilla<\/span><\/span><\/span><\/p>\n<p align=\"LEFT\"><span style=\"color: #000000;\"><span style=\"font-family: Calibri, sans-serif;\"><span style=\"font-size: medium;\">15 h \u2013 CPV Murla | CPV Xixona<\/span><\/span><\/span><\/p>\n<p align=\"LEFT\"><strong><span style=\"color: #000000;\"><span style=\"font-family: Calibri, sans-serif;\"><span style=\"font-size: medium;\">7\/12\/19<\/span><\/span><\/span><\/strong><\/p>\n<p align=\"LEFT\"><span style=\"color: #000000;\"><span style=\"font-family: Calibri, sans-serif;\"><span style=\"font-size: medium;\">9 a 14 h \u2013 Rastro<\/span><\/span><\/span><\/p>\n<p align=\"LEFT\"><span style=\"color: #000000;\"><span style=\"font-family: Calibri, sans-serif;\"><span style=\"font-size: medium;\">9 a 14 h \u2013 Mercat de la Terra<\/span><\/span><\/span><\/p>\n<p align=\"LEFT\"><span style=\"color: #000000;\"><span style=\"font-family: Calibri, sans-serif;\"><span style=\"font-size: medium;\">12 h \u2013 Cuenta cuentos \u201cLiborito y el diablo\u201d. En el mismo Mercat de la Terra.<\/span><\/span><\/span><\/p>\n<p align=\"LEFT\"><strong><span style=\"color: #000000;\"><span style=\"font-family: Calibri, sans-serif;\"><span style=\"font-size: medium;\">8\/12\/2019<\/span><\/span><\/span><\/strong><\/p>\n<p align=\"LEFT\"><span style=\"color: #000000;\"><span style=\"font-family: Calibri, sans-serif;\"><span style=\"font-size: medium;\">V Matinal motera de Xal\u00f3. En el Passeig dels Agermanaments.<\/span><\/span><\/span><\/p>\n<p align=\"LEFT\"><strong><span style=\"color: #000000;\"><span style=\"font-family: Calibri, sans-serif;\"><span style=\"font-size: medium;\">10\/12\/2019 &#8211; <\/span><\/span><\/span><span style=\"color: #000000;\"><span style=\"font-family: Calibri, sans-serif;\"><span style=\"font-size: medium;\">Plant\u00e0 del \u00c1rbol de Navidad<\/span><\/span><\/span><\/strong><\/p>\n<p align=\"LEFT\"><strong><span style=\"color: #000000;\"><span style=\"font-family: Calibri, sans-serif;\"><span style=\"font-size: medium;\">14\/12\/19<\/span><\/span><\/span><\/strong><\/p>\n<p align=\"LEFT\"><span style=\"color: #000000;\"><span style=\"font-family: Calibri, sans-serif;\"><span style=\"font-size: medium;\">9 a 14 h \u2013 Rastro<\/span><\/span><\/span><\/p>\n<p align=\"LEFT\"><span style=\"color: #000000;\"><span style=\"font-family: Calibri, sans-serif;\"><span style=\"font-size: medium;\">9 a 14 h \u2013 Mercat de la Terra<\/span><\/span><\/span><\/p>\n<p align=\"LEFT\"><span style=\"color: #000000;\"><span style=\"font-family: Calibri, sans-serif;\"><span style=\"font-size: medium;\">19 h \u2013 Recital de poes\u00eda: \u201cVersos per-versos\u201d, con Salvador Bolufer. En el Sal\u00f3n de Actos del Ayuntamiento.<\/span><\/span><\/span><\/p>\n<p align=\"LEFT\"><strong><span style=\"color: #000000;\"><span style=\"font-family: Calibri, sans-serif;\"><span style=\"font-size: medium;\">15\/12\/2019<\/span><\/span><\/span><\/strong><\/p>\n<p align=\"LEFT\"><span style=\"color: #000000;\"><span style=\"font-family: Calibri, sans-serif;\"><span style=\"font-size: medium;\">11 h \u2013 Domingo navide\u00f1o con la Valley Fellowship Church. Villancicos y dulces t\u00edpicos ingleses. Con la colaboraci\u00f3n de la rondalla El Comboi de D\u00e9nia. En el ayuntamiento.<\/span><\/span><\/span><\/p>\n<p align=\"LEFT\"><span style=\"color: #000000;\"><span style=\"font-family: Calibri, sans-serif;\"><span style=\"font-size: medium;\">18 h \u2013 Teatro para adultos: \u201cJoanot\u201d, en Ca Senyoret. Plazas limitadas. Entrada 5\u20ac. Venta de entradas en el ayuntamiento.<\/span><\/span><\/span><\/p>\n<p align=\"LEFT\"><strong><span style=\"color: #000000;\"><span style=\"font-family: Calibri, sans-serif;\"><span style=\"font-size: medium;\">17\/12\/19 &#8211; Carols in the square<\/span><\/span><\/span><\/strong><\/p>\n<p align=\"LEFT\"><span style=\"color: #000000;\"><span style=\"font-family: Calibri, sans-serif;\"><span style=\"font-size: medium;\">17:30 h \u2013 Villancicos en la Plaza Mayor.<\/span><\/span><\/span><\/p>\n<p align=\"LEFT\"><strong><span style=\"color: #000000;\"><span style=\"font-family: Calibri, sans-serif;\"><span style=\"font-size: medium;\">21\/12\/19<\/span><\/span><\/span><\/strong><\/p>\n<p align=\"LEFT\"><span style=\"color: #000000;\"><span style=\"font-family: Calibri, sans-serif;\"><span style=\"font-size: medium;\">9 a 14 h \u2013 Rastro<\/span><\/span><\/span><\/p>\n<p align=\"LEFT\"><span style=\"color: #000000;\"><span style=\"font-family: Calibri, sans-serif;\"><span style=\"font-size: medium;\">9 a 14 h \u2013 Mercat de la Terra<\/span><\/span><\/span><\/p>\n<p align=\"LEFT\"><span style=\"color: #000000;\"><span style=\"font-family: Calibri, sans-serif;\"><span style=\"font-size: medium;\">18:30 h \u2013 Primer pase del teatro protagonizado por los Festeros de sant Dom\u00e9nec 2020.<\/span><\/span><\/span><\/p>\n<p align=\"LEFT\"><span style=\"color: #000000;\"><span style=\"font-family: Calibri, sans-serif;\"><span style=\"font-size: medium;\">20:30 h \u2013 Concierto de la Asociaci\u00f3n musical jalonense. En la iglesia.<\/span><\/span><\/span><\/p>\n<p align=\"LEFT\"><strong><span style=\"color: #000000;\"><span style=\"font-family: Calibri, sans-serif;\"><span style=\"font-size: medium;\">22\/12\/219 &#8211; Carrera<\/span><\/span><\/span><\/strong><\/p>\n<p align=\"LEFT\"><span style=\"color: #000000;\"><span style=\"font-family: Calibri, sans-serif;\"><span style=\"font-size: medium;\">Carrera navide\u00f1a (Inscripci\u00f3n previa)<\/span><\/span><\/span><\/p>\n<p align=\"LEFT\"><span style=\"color: #000000;\"><span style=\"font-family: Calibri, sans-serif;\"><span style=\"font-size: medium;\">10:30 h \u2013 Personas adultas<\/span><\/span><\/span><\/p>\n<p align=\"LEFT\"><span style=\"color: #000000;\"><span style=\"font-family: Calibri, sans-serif;\"><span style=\"font-size: medium;\">11:30 h \u2013 Ni\u00f1os y ni\u00f1as<\/span><\/span><\/span><\/p>\n<p align=\"LEFT\"><span style=\"color: #000000;\"><span style=\"font-family: Calibri, sans-serif;\"><span style=\"font-size: medium;\">18:30 h \u2013 Segundo pase del teatro protagonizado por los Festeros de sant Dom\u00e9nec 2020.<\/span><\/span><\/span><\/p>\n<p align=\"LEFT\"><strong><span style=\"color: #000000;\"><span style=\"font-family: Calibri, sans-serif;\"><span style=\"font-size: medium;\">23\/12\/19 &#8211; Casal Jove<\/span><\/span><\/span><\/strong><\/p>\n<p align=\"LEFT\"><span style=\"color: #000000;\"><span style=\"font-family: Calibri, sans-serif;\"><span style=\"font-size: medium;\">18 h \u2013 Creaci\u00f3n del f\u00f3rum para planificar el futuro Casal Jove de Xal\u00f3.<\/span><\/span><\/span><\/p>\n<p align=\"LEFT\"><strong><span style=\"color: #000000;\"><span style=\"font-family: Calibri, sans-serif;\"><span style=\"font-size: medium;\">27\/12\/19<\/span><\/span><\/span><\/strong><\/p>\n<p align=\"LEFT\"><span style=\"color: #000000;\"><span style=\"font-family: Calibri, sans-serif;\"><span style=\"font-size: medium;\">16:30 h \u2013 Cuento de Navidad &#8211; Biblioteca municipal.<\/span><\/span><\/span><\/p>\n<p align=\"LEFT\"><span style=\"color: #000000;\"><span style=\"font-family: Calibri, sans-serif;\"><span style=\"font-size: medium;\">17:30 h \u2013 Merienda de la Comissi\u00f3 de festes d&#8217;Agost 2020. A continuaci\u00f3n de cartas por los pages de los Reis Mags d&#8217;Orient.<\/span><\/span><\/span><\/p>\n<p align=\"LEFT\"><strong><span style=\"color: #000000;\"><span style=\"font-family: Calibri, sans-serif;\"><span style=\"font-size: medium;\">28\/12\/19<\/span><\/span><\/span><\/strong><\/p>\n<p align=\"LEFT\"><span style=\"color: #000000;\"><span style=\"font-family: Calibri, sans-serif;\"><span style=\"font-size: medium;\">9 a 14 h \u2013 Rastro<\/span><\/span><\/span><\/p>\n<p align=\"LEFT\"><span style=\"color: #000000;\"><span style=\"font-family: Calibri, sans-serif;\"><span style=\"font-size: medium;\">9 a 14 h \u2013 Mercat de la Terra<\/span><\/span><\/span><\/p>\n<p align=\"LEFT\"><strong><span style=\"color: #000000;\"><span style=\"font-family: Calibri, sans-serif;\"><span style=\"font-size: medium;\">29\/12\/2019<\/span><\/span><\/span><\/strong><\/p>\n<p align=\"LEFT\"><span style=\"color: #000000;\"><span style=\"font-family: Calibri, sans-serif;\"><span style=\"font-size: medium;\">17 h \u2013 Danzas tradicionales con el Grup de danses La Murta-Manolita Castells. En el ayuntamiento.<\/span><\/span><\/span><\/p>\n<p align=\"LEFT\"><span style=\"color: #000000;\"><span style=\"font-family: Calibri, sans-serif;\"><span style=\"font-size: medium;\">18 h- Aspencant: de la llavors fins a l&#8217;arbre. Versiones en ac\u00fastico de temas de Aspencat. En el ayuntamiento.<\/span><\/span><\/span><\/p>\n<p align=\"LEFT\"><strong><span style=\"color: #000000;\"><span style=\"font-family: Calibri, sans-serif;\"><span style=\"font-size: medium;\">3\/1\/2020 &#8211; Libros<\/span><\/span><\/span><\/strong><\/p>\n<p align=\"LEFT\"><span style=\"color: #000000;\"><span style=\"font-family: Calibri, sans-serif;\"><span style=\"font-size: medium;\">19 h \u2013 Presentaci\u00f3n del libro \u201cTot \u00e9s una llarga nit\u201d, de Joan Elies, en el Museo Etnol\u00f3gico.<\/span><\/span><\/span><\/p>\n<p align=\"LEFT\"><strong><span style=\"color: #000000;\"><span style=\"font-family: Calibri, sans-serif;\"><span style=\"font-size: medium;\">4\/1\/2020<\/span><\/span><\/span><\/strong><\/p>\n<p align=\"LEFT\"><span style=\"color: #000000;\"><span style=\"font-family: Calibri, sans-serif;\"><span style=\"font-size: medium;\">9 a 14 h \u2013 Rastro<\/span><\/span><\/span><\/p>\n<p align=\"LEFT\"><span style=\"color: #000000;\"><span style=\"font-family: Calibri, sans-serif;\"><span style=\"font-size: medium;\">9 a 14 h \u2013 Mercat de la Terra<\/span><\/span><\/span><\/p>\n<p align=\"LEFT\"><strong><span style=\"color: #000000;\"><span style=\"font-family: Calibri, sans-serif;\"><span style=\"font-size: medium;\">5\/1\/2020 <\/span><\/span><\/span><span style=\"color: #000000;\"><span style=\"font-family: Calibri, sans-serif;\"><span style=\"font-size: medium;\">&#8211; <\/span><\/span><\/span><span style=\"color: #000000;\"><span style=\"font-family: Calibri, sans-serif;\"><span style=\"font-size: medium;\">Cabalgata de los Reyes Magos<\/span><\/span><\/span><\/strong><\/p>\n<p align=\"LEFT\"><img decoding=\"async\" class=\"alignright size-full wp-image-4197\" src=\"https:\/\/www.xalo.org\/wp-content\/uploads\/2019\/12\/activitats-desembre-2019_bona.jpg\" alt=\"Programaci\u00f3 activitats Nadal Xal\u00f3\" width=\"1500\" height=\"2122\" srcset=\"https:\/\/www.xalo.org\/wp-content\/uploads\/2019\/12\/activitats-desembre-2019_bona.jpg 1500w, https:\/\/www.xalo.org\/wp-content\/uploads\/2019\/12\/activitats-desembre-2019_bona-339x480.jpg 339w, https:\/\/www.xalo.org\/wp-content\/uploads\/2019\/12\/activitats-desembre-2019_bona-724x1024.jpg 724w, https:\/\/www.xalo.org\/wp-content\/uploads\/2019\/12\/activitats-desembre-2019_bona-1080x1528.jpg 1080w\" sizes=\"(max-width: 1500px) 100vw, 1500px\" \/><\/p>\n<p><\/p>","protected":false},"excerpt":{"rendered":"<p>Todo el mes de diciembre hay programadas una serie de actividades para disfrutar de una gran Navidad. A continuaci\u00f3n las ten\u00e9is d\u00eda a d\u00eda: 1\/12\/2019 &#8211; Feria de Navidad Jalon Valley Arc 9 a 14 h, en el Centro Social. 2\/12\/2019 &#8211;\u00a0Donaci\u00f3n de sangre Consultorio m\u00e9dico. 6\/12\/2019 &#8211; Pilota &#8211; IV Circuit a llargues 2019 [&hellip;]<\/p>\n","protected":false},"author":1,"featured_media":4196,"comment_status":"closed","ping_status":"closed","sticky":false,"template":"","format":"standard","meta":{"_et_pb_use_builder":"","_et_pb_old_content":"","_et_gb_content_width":"","_uf_show_specific_survey":0,"_uf_disable_surveys":false,"footnotes":""},"categories":[37,34,42],"tags":[],"class_list":["post-4195","post","type-post","status-publish","format-standard","has-post-thumbnail","hentry","category-comerc","category-cultura","category-festes"],"yoast_head":"<!-- This site is optimized with the Yoast SEO plugin v28.3 - https:\/\/yoast.com\/product\/yoast-seo-wordpress\/ -->\n<title>Todas las actividades de la Navidad en Xal\u00f3 - Ayto. Xal\u00f3<\/title>\n<meta name=\"robots\" content=\"index, follow, max-snippet:-1, max-image-preview:large, max-video-preview:-1\" \/>\n<link rel=\"canonical\" href=\"https:\/\/www.xalo.org\/en\/totes-les-activitats-del-nadal-a-xalo\/\" \/>\n<meta property=\"og:locale\" content=\"es_ES\" \/>\n<meta property=\"og:type\" content=\"article\" \/>\n<meta property=\"og:title\" content=\"[:va]Totes les activitats del Nadal a Xal\u00f3[:es]Todas las actividades de la Navidad en Xal\u00f3[:en]All activities in December and Three Kings in Xal\u00f3[:] - Ayto. Xal\u00f3\" \/>\n<meta property=\"og:description\" content=\"Todo el mes de diciembre hay programadas una serie de actividades para disfrutar de una gran Navidad. A continuaci\u00f3n las ten\u00e9is d\u00eda a d\u00eda: 1\/12\/2019 &#8211; Feria de Navidad Jalon Valley Arc 9 a 14 h, en el Centro Social. 2\/12\/2019 &#8211;\u00a0Donaci\u00f3n de sangre Consultorio m\u00e9dico. 6\/12\/2019 &#8211; Pilota &#8211; IV Circuit a llargues 2019 [&hellip;]\" \/>\n<meta property=\"og:url\" content=\"https:\/\/www.xalo.org\/en\/totes-les-activitats-del-nadal-a-xalo\/\" \/>\n<meta property=\"og:site_name\" content=\"Ayto. Xal\u00f3\" \/>\n<meta property=\"article:published_time\" content=\"2019-12-04T11:01:07+00:00\" \/>\n<meta property=\"article:modified_time\" content=\"2019-12-04T13:45:28+00:00\" \/>\n<meta property=\"og:image\" content=\"https:\/\/www.xalo.org\/wp-content\/uploads\/2019\/12\/portada-facebook_nadal.jpg\" \/>\n\t<meta property=\"og:image:width\" content=\"2000\" \/>\n\t<meta property=\"og:image:height\" content=\"740\" \/>\n\t<meta property=\"og:image:type\" content=\"image\/jpeg\" \/>\n<meta name=\"author\" content=\"Ajuntament Xal\u00f3\" \/>\n<meta name=\"twitter:card\" content=\"summary_large_image\" \/>\n<meta name=\"twitter:label1\" content=\"Escrito por\" \/>\n\t<meta name=\"twitter:data1\" content=\"Ajuntament Xal\u00f3\" \/>\n\t<meta name=\"twitter:label2\" content=\"Tiempo de lectura\" \/>\n\t<meta name=\"twitter:data2\" content=\"4 minutos\" \/>\n<script type=\"application\/ld+json\" class=\"yoast-schema-graph\">{\"@context\":\"https:\\\/\\\/schema.org\",\"@graph\":[{\"@type\":\"Article\",\"@id\":\"https:\\\/\\\/www.xalo.org\\\/en\\\/totes-les-activitats-del-nadal-a-xalo\\\/#article\",\"isPartOf\":{\"@id\":\"https:\\\/\\\/www.xalo.org\\\/en\\\/totes-les-activitats-del-nadal-a-xalo\\\/\"},\"author\":{\"name\":\"Ajuntament Xal\u00f3\",\"@id\":\"https:\\\/\\\/www.xalo.org\\\/#\\\/schema\\\/person\\\/7933b59f18a5c32203b67f7b5d6e71f0\"},\"headline\":\"Todas las actividades de la Navidad en Xal\u00f3\",\"datePublished\":\"2019-12-04T11:01:07+00:00\",\"dateModified\":\"2019-12-04T13:45:28+00:00\",\"mainEntityOfPage\":{\"@id\":\"https:\\\/\\\/www.xalo.org\\\/en\\\/totes-les-activitats-del-nadal-a-xalo\\\/\"},\"wordCount\":872,\"publisher\":{\"@id\":\"https:\\\/\\\/www.xalo.org\\\/#organization\"},\"image\":{\"@id\":\"https:\\\/\\\/www.xalo.org\\\/en\\\/totes-les-activitats-del-nadal-a-xalo\\\/#primaryimage\"},\"thumbnailUrl\":\"https:\\\/\\\/www.xalo.org\\\/wp-content\\\/uploads\\\/2019\\\/12\\\/portada-facebook_nadal.jpg\",\"articleSection\":[\"Comer\u00e7\",\"Cultura i joventut\",\"Festes\"],\"inLanguage\":\"es\"},{\"@type\":\"WebPage\",\"@id\":\"https:\\\/\\\/www.xalo.org\\\/en\\\/totes-les-activitats-del-nadal-a-xalo\\\/\",\"url\":\"https:\\\/\\\/www.xalo.org\\\/en\\\/totes-les-activitats-del-nadal-a-xalo\\\/\",\"name\":\"[:va]Totes les activitats del Nadal a Xal\u00f3[:es]Todas las actividades de la Navidad en Xal\u00f3[:en]All activities in December and Three Kings in Xal\u00f3[:] - Ayto. Xal\u00f3\",\"isPartOf\":{\"@id\":\"https:\\\/\\\/www.xalo.org\\\/#website\"},\"primaryImageOfPage\":{\"@id\":\"https:\\\/\\\/www.xalo.org\\\/en\\\/totes-les-activitats-del-nadal-a-xalo\\\/#primaryimage\"},\"image\":{\"@id\":\"https:\\\/\\\/www.xalo.org\\\/en\\\/totes-les-activitats-del-nadal-a-xalo\\\/#primaryimage\"},\"thumbnailUrl\":\"https:\\\/\\\/www.xalo.org\\\/wp-content\\\/uploads\\\/2019\\\/12\\\/portada-facebook_nadal.jpg\",\"datePublished\":\"2019-12-04T11:01:07+00:00\",\"dateModified\":\"2019-12-04T13:45:28+00:00\",\"breadcrumb\":{\"@id\":\"https:\\\/\\\/www.xalo.org\\\/en\\\/totes-les-activitats-del-nadal-a-xalo\\\/#breadcrumb\"},\"inLanguage\":\"es\",\"potentialAction\":[{\"@type\":\"ReadAction\",\"target\":[\"https:\\\/\\\/www.xalo.org\\\/en\\\/totes-les-activitats-del-nadal-a-xalo\\\/\"]}]},{\"@type\":\"ImageObject\",\"inLanguage\":\"es\",\"@id\":\"https:\\\/\\\/www.xalo.org\\\/en\\\/totes-les-activitats-del-nadal-a-xalo\\\/#primaryimage\",\"url\":\"https:\\\/\\\/www.xalo.org\\\/wp-content\\\/uploads\\\/2019\\\/12\\\/portada-facebook_nadal.jpg\",\"contentUrl\":\"https:\\\/\\\/www.xalo.org\\\/wp-content\\\/uploads\\\/2019\\\/12\\\/portada-facebook_nadal.jpg\",\"width\":2000,\"height\":740,\"caption\":\"Activitas de Nadal a Xal\u00f3\"},{\"@type\":\"BreadcrumbList\",\"@id\":\"https:\\\/\\\/www.xalo.org\\\/en\\\/totes-les-activitats-del-nadal-a-xalo\\\/#breadcrumb\",\"itemListElement\":[{\"@type\":\"ListItem\",\"position\":1,\"name\":\"Home\",\"item\":\"https:\\\/\\\/www.xalo.org\\\/\"},{\"@type\":\"ListItem\",\"position\":2,\"name\":\"All activities in December and Three Kings in Xal\u00f3\"}]},{\"@type\":\"WebSite\",\"@id\":\"https:\\\/\\\/www.xalo.org\\\/#website\",\"url\":\"https:\\\/\\\/www.xalo.org\\\/\",\"name\":\"Ajuntament de Xalo\",\"description\":\"(Valenci\u00e0) Ajuntament de Xal\u00f3\",\"publisher\":{\"@id\":\"https:\\\/\\\/www.xalo.org\\\/#organization\"},\"potentialAction\":[{\"@type\":\"SearchAction\",\"target\":{\"@type\":\"EntryPoint\",\"urlTemplate\":\"https:\\\/\\\/www.xalo.org\\\/?s={search_term_string}\"},\"query-input\":{\"@type\":\"PropertyValueSpecification\",\"valueRequired\":true,\"valueName\":\"search_term_string\"}}],\"inLanguage\":\"es\"},{\"@type\":\"Organization\",\"@id\":\"https:\\\/\\\/www.xalo.org\\\/#organization\",\"name\":\"Ajuntament de Xalo\",\"url\":\"https:\\\/\\\/www.xalo.org\\\/\",\"logo\":{\"@type\":\"ImageObject\",\"inLanguage\":\"es\",\"@id\":\"https:\\\/\\\/www.xalo.org\\\/#\\\/schema\\\/logo\\\/image\\\/\",\"url\":\"https:\\\/\\\/www.xalo.org\\\/wp-content\\\/uploads\\\/2015\\\/12\\\/logo.png\",\"contentUrl\":\"https:\\\/\\\/www.xalo.org\\\/wp-content\\\/uploads\\\/2015\\\/12\\\/logo.png\",\"width\":180,\"height\":172,\"caption\":\"Ajuntament de Xalo\"},\"image\":{\"@id\":\"https:\\\/\\\/www.xalo.org\\\/#\\\/schema\\\/logo\\\/image\\\/\"}},{\"@type\":\"Person\",\"@id\":\"https:\\\/\\\/www.xalo.org\\\/#\\\/schema\\\/person\\\/7933b59f18a5c32203b67f7b5d6e71f0\",\"name\":\"Ajuntament Xal\u00f3\",\"image\":{\"@type\":\"ImageObject\",\"inLanguage\":\"es\",\"@id\":\"https:\\\/\\\/secure.gravatar.com\\\/avatar\\\/1acf88fe58aa34b57ac82e647b1ee92a069606423a5fb6237dcc6dffbf07f901?s=96&d=mm&r=g\",\"url\":\"https:\\\/\\\/secure.gravatar.com\\\/avatar\\\/1acf88fe58aa34b57ac82e647b1ee92a069606423a5fb6237dcc6dffbf07f901?s=96&d=mm&r=g\",\"contentUrl\":\"https:\\\/\\\/secure.gravatar.com\\\/avatar\\\/1acf88fe58aa34b57ac82e647b1ee92a069606423a5fb6237dcc6dffbf07f901?s=96&d=mm&r=g\",\"caption\":\"Ajuntament Xal\u00f3\"},\"url\":\"https:\\\/\\\/www.xalo.org\\\/es\\\/author\\\/admin\\\/\"}]}<\/script>\n<!-- \/ Yoast SEO plugin. -->","yoast_head_json":{"title":"[:va]Totes les activitats del Nadal a Xal\u00f3[:es]Todas las actividades de la Navidad en Xal\u00f3[:en]All activities in December and Three Kings in Xal\u00f3[:] - Ayto. Xal\u00f3","robots":{"index":"index","follow":"follow","max-snippet":"max-snippet:-1","max-image-preview":"max-image-preview:large","max-video-preview":"max-video-preview:-1"},"canonical":"https:\/\/www.xalo.org\/en\/totes-les-activitats-del-nadal-a-xalo\/","og_locale":"es_ES","og_type":"article","og_title":"[:va]Totes les activitats del Nadal a Xal\u00f3[:es]Todas las actividades de la Navidad en Xal\u00f3[:en]All activities in December and Three Kings in Xal\u00f3[:] - Ayto. Xal\u00f3","og_description":"Todo el mes de diciembre hay programadas una serie de actividades para disfrutar de una gran Navidad. A continuaci\u00f3n las ten\u00e9is d\u00eda a d\u00eda: 1\/12\/2019 &#8211; Feria de Navidad Jalon Valley Arc 9 a 14 h, en el Centro Social. 2\/12\/2019 &#8211;\u00a0Donaci\u00f3n de sangre Consultorio m\u00e9dico. 6\/12\/2019 &#8211; Pilota &#8211; IV Circuit a llargues 2019 [&hellip;]","og_url":"https:\/\/www.xalo.org\/en\/totes-les-activitats-del-nadal-a-xalo\/","og_site_name":"Ayto. Xal\u00f3","article_published_time":"2019-12-04T11:01:07+00:00","article_modified_time":"2019-12-04T13:45:28+00:00","og_image":[{"width":2000,"height":740,"url":"https:\/\/www.xalo.org\/wp-content\/uploads\/2019\/12\/portada-facebook_nadal.jpg","type":"image\/jpeg"}],"author":"Ajuntament Xal\u00f3","twitter_card":"summary_large_image","twitter_misc":{"Escrito por":"Ajuntament Xal\u00f3","Tiempo de lectura":"4 minutos"},"schema":{"@context":"https:\/\/schema.org","@graph":[{"@type":"Article","@id":"https:\/\/www.xalo.org\/en\/totes-les-activitats-del-nadal-a-xalo\/#article","isPartOf":{"@id":"https:\/\/www.xalo.org\/en\/totes-les-activitats-del-nadal-a-xalo\/"},"author":{"name":"Ajuntament Xal\u00f3","@id":"https:\/\/www.xalo.org\/#\/schema\/person\/7933b59f18a5c32203b67f7b5d6e71f0"},"headline":"Todas las actividades de la Navidad en Xal\u00f3","datePublished":"2019-12-04T11:01:07+00:00","dateModified":"2019-12-04T13:45:28+00:00","mainEntityOfPage":{"@id":"https:\/\/www.xalo.org\/en\/totes-les-activitats-del-nadal-a-xalo\/"},"wordCount":872,"publisher":{"@id":"https:\/\/www.xalo.org\/#organization"},"image":{"@id":"https:\/\/www.xalo.org\/en\/totes-les-activitats-del-nadal-a-xalo\/#primaryimage"},"thumbnailUrl":"https:\/\/www.xalo.org\/wp-content\/uploads\/2019\/12\/portada-facebook_nadal.jpg","articleSection":["Comer\u00e7","Cultura i joventut","Festes"],"inLanguage":"es"},{"@type":"WebPage","@id":"https:\/\/www.xalo.org\/en\/totes-les-activitats-del-nadal-a-xalo\/","url":"https:\/\/www.xalo.org\/en\/totes-les-activitats-del-nadal-a-xalo\/","name":"[:va]Totes les activitats del Nadal a Xal\u00f3[:es]Todas las actividades de la Navidad en Xal\u00f3[:en]All activities in December and Three Kings in Xal\u00f3[:] - Ayto. Xal\u00f3","isPartOf":{"@id":"https:\/\/www.xalo.org\/#website"},"primaryImageOfPage":{"@id":"https:\/\/www.xalo.org\/en\/totes-les-activitats-del-nadal-a-xalo\/#primaryimage"},"image":{"@id":"https:\/\/www.xalo.org\/en\/totes-les-activitats-del-nadal-a-xalo\/#primaryimage"},"thumbnailUrl":"https:\/\/www.xalo.org\/wp-content\/uploads\/2019\/12\/portada-facebook_nadal.jpg","datePublished":"2019-12-04T11:01:07+00:00","dateModified":"2019-12-04T13:45:28+00:00","breadcrumb":{"@id":"https:\/\/www.xalo.org\/en\/totes-les-activitats-del-nadal-a-xalo\/#breadcrumb"},"inLanguage":"es","potentialAction":[{"@type":"ReadAction","target":["https:\/\/www.xalo.org\/en\/totes-les-activitats-del-nadal-a-xalo\/"]}]},{"@type":"ImageObject","inLanguage":"es","@id":"https:\/\/www.xalo.org\/en\/totes-les-activitats-del-nadal-a-xalo\/#primaryimage","url":"https:\/\/www.xalo.org\/wp-content\/uploads\/2019\/12\/portada-facebook_nadal.jpg","contentUrl":"https:\/\/www.xalo.org\/wp-content\/uploads\/2019\/12\/portada-facebook_nadal.jpg","width":2000,"height":740,"caption":"Activitas de Nadal a Xal\u00f3"},{"@type":"BreadcrumbList","@id":"https:\/\/www.xalo.org\/en\/totes-les-activitats-del-nadal-a-xalo\/#breadcrumb","itemListElement":[{"@type":"ListItem","position":1,"name":"Home","item":"https:\/\/www.xalo.org\/"},{"@type":"ListItem","position":2,"name":"All activities in December and Three Kings in Xal\u00f3"}]},{"@type":"WebSite","@id":"https:\/\/www.xalo.org\/#website","url":"https:\/\/www.xalo.org\/","name":"Ajuntament de Xalo","description":"(Valenci\u00e0) Ajuntament de Xal\u00f3","publisher":{"@id":"https:\/\/www.xalo.org\/#organization"},"potentialAction":[{"@type":"SearchAction","target":{"@type":"EntryPoint","urlTemplate":"https:\/\/www.xalo.org\/?s={search_term_string}"},"query-input":{"@type":"PropertyValueSpecification","valueRequired":true,"valueName":"search_term_string"}}],"inLanguage":"es"},{"@type":"Organization","@id":"https:\/\/www.xalo.org\/#organization","name":"Ajuntament de Xalo","url":"https:\/\/www.xalo.org\/","logo":{"@type":"ImageObject","inLanguage":"es","@id":"https:\/\/www.xalo.org\/#\/schema\/logo\/image\/","url":"https:\/\/www.xalo.org\/wp-content\/uploads\/2015\/12\/logo.png","contentUrl":"https:\/\/www.xalo.org\/wp-content\/uploads\/2015\/12\/logo.png","width":180,"height":172,"caption":"Ajuntament de Xalo"},"image":{"@id":"https:\/\/www.xalo.org\/#\/schema\/logo\/image\/"}},{"@type":"Person","@id":"https:\/\/www.xalo.org\/#\/schema\/person\/7933b59f18a5c32203b67f7b5d6e71f0","name":"Ajuntament Xal\u00f3","image":{"@type":"ImageObject","inLanguage":"es","@id":"https:\/\/secure.gravatar.com\/avatar\/1acf88fe58aa34b57ac82e647b1ee92a069606423a5fb6237dcc6dffbf07f901?s=96&d=mm&r=g","url":"https:\/\/secure.gravatar.com\/avatar\/1acf88fe58aa34b57ac82e647b1ee92a069606423a5fb6237dcc6dffbf07f901?s=96&d=mm&r=g","contentUrl":"https:\/\/secure.gravatar.com\/avatar\/1acf88fe58aa34b57ac82e647b1ee92a069606423a5fb6237dcc6dffbf07f901?s=96&d=mm&r=g","caption":"Ajuntament Xal\u00f3"},"url":"https:\/\/www.xalo.org\/es\/author\/admin\/"}]}},"_links":{"self":[{"href":"https:\/\/www.xalo.org\/es\/wp-json\/wp\/v2\/posts\/4195","targetHints":{"allow":["GET"]}}],"collection":[{"href":"https:\/\/www.xalo.org\/es\/wp-json\/wp\/v2\/posts"}],"about":[{"href":"https:\/\/www.xalo.org\/es\/wp-json\/wp\/v2\/types\/post"}],"author":[{"embeddable":true,"href":"https:\/\/www.xalo.org\/es\/wp-json\/wp\/v2\/users\/1"}],"replies":[{"embeddable":true,"href":"https:\/\/www.xalo.org\/es\/wp-json\/wp\/v2\/comments?post=4195"}],"version-history":[{"count":0,"href":"https:\/\/www.xalo.org\/es\/wp-json\/wp\/v2\/posts\/4195\/revisions"}],"wp:featuredmedia":[{"embeddable":true,"href":"https:\/\/www.xalo.org\/es\/wp-json\/wp\/v2\/media\/4196"}],"wp:attachment":[{"href":"https:\/\/www.xalo.org\/es\/wp-json\/wp\/v2\/media?parent=4195"}],"wp:term":[{"taxonomy":"category","embeddable":true,"href":"https:\/\/www.xalo.org\/es\/wp-json\/wp\/v2\/categories?post=4195"},{"taxonomy":"post_tag","embeddable":true,"href":"https:\/\/www.xalo.org\/es\/wp-json\/wp\/v2\/tags?post=4195"}],"curies":[{"name":"wp","href":"https:\/\/api.w.org\/{rel}","templated":true}]}}