{"id":4216,"date":"2019-12-09T10:07:23","date_gmt":"2019-12-09T09:07:23","guid":{"rendered":"https:\/\/www.xalo.org\/?p=4216"},"modified":"2019-12-14T16:22:23","modified_gmt":"2019-12-14T15:22:23","slug":"xalo-aprova-un-pressupost-per-a-2020-de-mes-de-2-milions-deuros","status":"publish","type":"post","link":"https:\/\/www.xalo.org\/es\/xalo-aprova-un-pressupost-per-a-2020-de-mes-de-2-milions-deuros\/","title":{"rendered":"Xal\u00f3 aprueba un presupuesto para 2020 de m\u00e1s de 2 millones de euros"},"content":{"rendered":"<p><\/p>\n<p align=\"JUSTIFY\">El Ayuntamiento de Xal\u00f3 aprob\u00f3 en el \u00faltimo pleno los presupuestos municipales para 2020 sin ning\u00fan voto en contra, con los favorables del equipo de gobierno y la abstenci\u00f3n de la oposici\u00f3n. El presupuesto asciende a un total de 2.330.000 euros, pr\u00e1cticamente igual que el a\u00f1o anterior, que ha sido de 2.306.000\u20ac. Al respecto, el alcalde Joan Miquel Garc\u00e9s ha manifestado que \u00ab<em>queremos volver a reiterar nuestra queja por las limitaciones impuestas por el Gobierno central que provocan que ahora mismo Xal\u00f3 tenga 700.000 euros inmovilizados en una cuenta bancaria sin poder destinarlos a infraestructuras necesarias para el municipio<\/em>\u00ab.<\/p>\n<p align=\"JUSTIFY\">Como consecuencia de estas restricciones de gastos, el l\u00edmite para el pr\u00f3ximo a\u00f1o de las inversiones es de 120.000 \u20ac, \u00abuna cifra muy baja\u00bb en opini\u00f3n del mun\u00edcipe xalonero. La mitad de este dinero ir\u00e1 destinada a inversiones urban\u00edsticas como son la compra de zonas verdes y terrenos para desarrollar urban\u00edsticamente el municipio.<\/p>\n<p align=\"JUSTIFY\">La otra mitad ser\u00e1 repartir\u00e1 entre la reparaci\u00f3n y mejora de la red de caminos agr\u00edcolas y rurales y el acondicionamiento del nuevo Casal Jove con 10.000 euros. El Casal Jove ser\u00e1 un espacio que funcionar\u00e1 como punto de encuentro, ocio y formaci\u00f3n para la gente m\u00e1s joven de la localidad.<\/p>\n<p align=\"JUSTIFY\">En la parte de las subvenciones, las principales inversiones ser\u00e1n para el patrimonio del municipio con 55.000\u20ac en la parte que le corresponde al ayuntamiento xalonero de la rehabilitaci\u00f3n del Mol\u00ed del Giner. Otros 20.000\u20ac se destinar\u00e1n a la elaboraci\u00f3n del Cat\u00e1logo de bienes y espacios protegidos de Xal\u00f3. Y 5.000\u20ac m\u00e1s para la conservaci\u00f3n de las pinturas rupestres de la Cova de les Meravelles.<\/p>\n<p align=\"JUSTIFY\"><img decoding=\"async\" class=\"size-full wp-image-4218 aligncenter\" src=\"https:\/\/www.xalo.org\/wp-content\/uploads\/2019\/12\/cova-de-les-meravelles.jpg\" alt=\"Cova de les Meravelles de Xal\u00f3\" width=\"959\" height=\"640\" srcset=\"https:\/\/www.xalo.org\/wp-content\/uploads\/2019\/12\/cova-de-les-meravelles.jpg 959w, https:\/\/www.xalo.org\/wp-content\/uploads\/2019\/12\/cova-de-les-meravelles-480x320.jpg 480w\" sizes=\"(max-width: 959px) 100vw, 959px\" \/><\/p>\n<p align=\"JUSTIFY\">La tercera partida de inversiones, la que se nutre del super\u00e1vit, que este a\u00f1o es de 100.000 euros, tendr\u00e1 como gastos principales la finalizaci\u00f3n de las infraestructuras para acoger la futura escuela instituto el a\u00f1o que viene y la continuaci\u00f3n de las mejora en la red h\u00eddrica del municipio.<\/p>\n<p align=\"JUSTIFY\">Por otro lado, el presupuesto municipal de 2020 de Xal\u00f3 tambi\u00e9n contempla la subida salarial del 2,7% a los funcionarios del ayuntamiento.<\/p>\n<p><\/p>","protected":false},"excerpt":{"rendered":"<p>El Ayuntamiento de Xal\u00f3 aprob\u00f3 en el \u00faltimo pleno los presupuestos municipales para 2020 sin ning\u00fan voto en contra, con los favorables del equipo de gobierno y la abstenci\u00f3n de la oposici\u00f3n. El presupuesto asciende a un total de 2.330.000 euros, pr\u00e1cticamente igual que el a\u00f1o anterior, que ha sido de 2.306.000\u20ac. Al respecto, el [&hellip;]<\/p>\n","protected":false},"author":1,"featured_media":4217,"comment_status":"closed","ping_status":"closed","sticky":false,"template":"","format":"standard","meta":{"_et_pb_use_builder":"","_et_pb_old_content":"","_et_gb_content_width":"","footnotes":""},"categories":[41,49,34,35,43,10,46,38],"tags":[],"class_list":["post-4216","post","type-post","status-publish","format-standard","has-post-thumbnail","hentry","category-agricultura","category-aiguaaguawater","category-cultura","category-educacio-i-infancia","category-hisenda","category-noticias","category-plenaris","category-urbanisme-sostenibilitat"],"aioseo_notices":[],"_links":{"self":[{"href":"https:\/\/www.xalo.org\/es\/wp-json\/wp\/v2\/posts\/4216","targetHints":{"allow":["GET"]}}],"collection":[{"href":"https:\/\/www.xalo.org\/es\/wp-json\/wp\/v2\/posts"}],"about":[{"href":"https:\/\/www.xalo.org\/es\/wp-json\/wp\/v2\/types\/post"}],"author":[{"embeddable":true,"href":"https:\/\/www.xalo.org\/es\/wp-json\/wp\/v2\/users\/1"}],"replies":[{"embeddable":true,"href":"https:\/\/www.xalo.org\/es\/wp-json\/wp\/v2\/comments?post=4216"}],"version-history":[{"count":0,"href":"https:\/\/www.xalo.org\/es\/wp-json\/wp\/v2\/posts\/4216\/revisions"}],"wp:featuredmedia":[{"embeddable":true,"href":"https:\/\/www.xalo.org\/es\/wp-json\/wp\/v2\/media\/4217"}],"wp:attachment":[{"href":"https:\/\/www.xalo.org\/es\/wp-json\/wp\/v2\/media?parent=4216"}],"wp:term":[{"taxonomy":"category","embeddable":true,"href":"https:\/\/www.xalo.org\/es\/wp-json\/wp\/v2\/categories?post=4216"},{"taxonomy":"post_tag","embeddable":true,"href":"https:\/\/www.xalo.org\/es\/wp-json\/wp\/v2\/tags?post=4216"}],"curies":[{"name":"wp","href":"https:\/\/api.w.org\/{rel}","templated":true}]}}