{"id":4633,"date":"2020-07-29T12:49:37","date_gmt":"2020-07-29T10:49:37","guid":{"rendered":"https:\/\/www.xalo.org\/?p=4633"},"modified":"2020-07-30T18:47:17","modified_gmt":"2020-07-30T16:47:17","slug":"xalo-canvia-el-nom-a-lavinguda-del-rei-joan-carles-i","status":"publish","type":"post","link":"https:\/\/www.xalo.org\/es\/xalo-canvia-el-nom-a-lavinguda-del-rei-joan-carles-i\/","title":{"rendered":"Xal\u00f3 le cambia el nombre a la Avenida del Rey Juan Carlos I"},"content":{"rendered":"<p>El Ayuntamiento de Xal\u00f3 aprobar\u00e1 en el pleno ordinario de ma\u00f1ana jueves el cambio de nombre de la Avenida del Rey Juan Carlos I. El vial, que va desde la interesecci\u00f3n de la carretera de Alcalal\u00ed CV-750 con el Cam\u00ed de la Teulera hasta la calle Mayor, pasar\u00e1 a llamarse Avenida del Pla de la S\u00e9quia.<\/p>\n<p>Esta es la denominaci\u00f3n tradicional de esta zona, que linda con el cauce del R\u00edo Xal\u00f3, y que su nombre bien indica acog\u00eda una acequia que canalizaba agua desde el r\u00edo para regar cultivos.<\/p>\n<p>Esta decisi\u00f3n ya estaba sobre la mesa del equipo de gobierno hace unos mesos, pero ahora ha cobrado m\u00e1s importancia a partir de las informaciones aparecidas sobre el rey em\u00e9rito.<\/p>","protected":false},"excerpt":{"rendered":"<p>El Ayuntamiento de Xal\u00f3 aprobar\u00e1 en el pleno ordinario de ma\u00f1ana jueves el cambio de nombre de la Avenida del Rey Juan Carlos I. El vial, que va desde la interesecci\u00f3n de la carretera de Alcalal\u00ed CV-750 con el Cam\u00ed de la Teulera hasta la calle Mayor, pasar\u00e1 a llamarse Avenida del Pla de la [&hellip;]<\/p>\n","protected":false},"author":1,"featured_media":4637,"comment_status":"closed","ping_status":"closed","sticky":false,"template":"","format":"standard","meta":{"_et_pb_use_builder":"","_et_pb_old_content":"","_et_gb_content_width":"","footnotes":""},"categories":[10,46],"tags":[],"class_list":["post-4633","post","type-post","status-publish","format-standard","has-post-thumbnail","hentry","category-noticias","category-plenaris"],"aioseo_notices":[],"_links":{"self":[{"href":"https:\/\/www.xalo.org\/es\/wp-json\/wp\/v2\/posts\/4633","targetHints":{"allow":["GET"]}}],"collection":[{"href":"https:\/\/www.xalo.org\/es\/wp-json\/wp\/v2\/posts"}],"about":[{"href":"https:\/\/www.xalo.org\/es\/wp-json\/wp\/v2\/types\/post"}],"author":[{"embeddable":true,"href":"https:\/\/www.xalo.org\/es\/wp-json\/wp\/v2\/users\/1"}],"replies":[{"embeddable":true,"href":"https:\/\/www.xalo.org\/es\/wp-json\/wp\/v2\/comments?post=4633"}],"version-history":[{"count":0,"href":"https:\/\/www.xalo.org\/es\/wp-json\/wp\/v2\/posts\/4633\/revisions"}],"wp:featuredmedia":[{"embeddable":true,"href":"https:\/\/www.xalo.org\/es\/wp-json\/wp\/v2\/media\/4637"}],"wp:attachment":[{"href":"https:\/\/www.xalo.org\/es\/wp-json\/wp\/v2\/media?parent=4633"}],"wp:term":[{"taxonomy":"category","embeddable":true,"href":"https:\/\/www.xalo.org\/es\/wp-json\/wp\/v2\/categories?post=4633"},{"taxonomy":"post_tag","embeddable":true,"href":"https:\/\/www.xalo.org\/es\/wp-json\/wp\/v2\/tags?post=4633"}],"curies":[{"name":"wp","href":"https:\/\/api.w.org\/{rel}","templated":true}]}}