{"id":4878,"date":"2021-03-12T17:13:40","date_gmt":"2021-03-12T16:13:40","guid":{"rendered":"https:\/\/www.xalo.org\/?p=4878"},"modified":"2021-03-12T17:13:40","modified_gmt":"2021-03-12T16:13:40","slug":"la-regidoria-de-festes-de-xalo-i-les-de-la-marina-alta-treballen-per-crear-un-front-comu-davant-la-incertesa-per-la-covid-19","status":"publish","type":"post","link":"https:\/\/www.xalo.org\/es\/la-regidoria-de-festes-de-xalo-i-les-de-la-marina-alta-treballen-per-crear-un-front-comu-davant-la-incertesa-per-la-covid-19\/","title":{"rendered":"La concejal\u00edas de Fiesta de Xal\u00f3 y las de la Marina Alta trabajan para crear un frente com\u00fan ante la incertidumbre por la Covid-19"},"content":{"rendered":"<p><span style=\"font-size: small;\">Ante la incertidumbre de qu\u00e9 pasar\u00e1 este 2021 con las festividades locales y a falta de unas directrices claras por parte de la Generalitat, varios municipios de la Marina Alta, Xal\u00f3 entre ellos, han decidido aliarse para presentar un frente com\u00fan y consensuar una hoja de ruta en cuanto a los actos y acontecimientos festivos de este verano. Un total de 18 concejales y alcaldes de la comarca han mantenido reuniones telem\u00e1ticas para acercar posturas y conocer la situaci\u00f3n de sus hom\u00f3logos vecinos.<\/span><\/p>\n<p><span style=\"font-size: small;\">La convicci\u00f3n general es que, por segundo a\u00f1o consecutivo, ser\u00e1n unas fiestas diferentes a aquello que est\u00e1bamos acostumbrados antes de la pandemia. A pesar de que todav\u00eda quedan unos meses, la actual situaci\u00f3n hace prever que no habr\u00e1 actos multitudinarios sin control, como por ejemplo verbenas o discom\u00f3viles. No obstante, todos los concejales estuvieron de acuerdo en la reuni\u00f3n del pasado jueves en que tendr\u00e1n un peso importante los actos culturales, entre ellos conciertos, teatros o actuaciones en sillas al aire libre, con aforo controlado, con distancia interpersonal y siguiendo todas las medidas de higiene y seguridad.<\/span><\/p>\n<p><span style=\"font-size: small;\">Asimismo, tambi\u00e9n se ha descartado, casi con seguridad, la autorizaci\u00f3n de barras y casales fiesteros o <\/span><span style=\"font-size: small;\"><i>k\u00e0biles<\/i><\/span><span style=\"font-size: small;\">. En cuanto a los festeros y quintos, no se lleg\u00f3 a ning\u00fan acuerdo general, puesto que cada localidad tiene sus particularidades. <\/span><\/p>\n<p>\u201c<span style=\"font-size: small;\">Esta situaci\u00f3n no nos gusta a nadie, pero nos tenemos que adaptar y concienciarnos de que, de momento, las fiestas no ser\u00e1n como antes\u201d, coincidieron en se\u00f1alar los concejales y concejalas asistentes a las reuniones. Todos ellos quieren lanzar un mensaje de unidad a la ciudadan\u00eda y hacer ver que, a pesar de que cada pueblo tiene sus fiestas y su idiosincrasia, la COVID-19 tiene los mismos efectos en cada uno de ellos. <\/span><\/p>\n<p><span style=\"font-size: small;\">Del mismo modo, tambi\u00e9n resaltaron que se ir\u00e1 trabajando y tomando decisiones d\u00eda a d\u00eda, siempre adapt\u00e1ndose a las circunstancias y a la normativa vigente. En cualquier caso, esperan contar con la \u201ccolaboraci\u00f3n y responsabilidad ciudadana a la hora de cumplir con las medidas\u201d.<\/span><\/p>\n<p align=\"CENTER\"><span style=\"font-size: small;\"><u><b>Municipios firmantes:<\/b><\/u><\/span><\/p>\n<p align=\"CENTER\"><span style=\"font-size: small;\"><span lang=\"ca-ES\">Alcalal\u00ed<\/span><\/span><\/p>\n<p align=\"CENTER\"><span style=\"font-size: small;\"><span lang=\"ca-ES\">Benigembla<\/span><\/span><\/p>\n<p align=\"CENTER\"><span style=\"font-size: small;\"><span lang=\"ca-ES\">Benissa<\/span><\/span><\/p>\n<p align=\"CENTER\"><span style=\"font-size: small;\"><span lang=\"ca-ES\">Calp<\/span><\/span><\/p>\n<p align=\"CENTER\"><span style=\"font-size: small;\"><span lang=\"ca-ES\">El Poble Nou de Benitatxell<\/span><\/span><\/p>\n<p align=\"CENTER\"><span style=\"font-size: small;\"><span lang=\"ca-ES\">El R\u00e0fol d\u2019Alm\u00fania<\/span><\/span><\/p>\n<p align=\"CENTER\"><span style=\"font-size: small;\"><span lang=\"ca-ES\">El Verger<\/span><\/span><\/p>\n<p align=\"CENTER\"><span style=\"font-size: small;\"><span lang=\"ca-ES\">Els Poblets <\/span><\/span><\/p>\n<p align=\"CENTER\"><span style=\"font-size: small;\"><span lang=\"ca-ES\">Gata de Gorgos<\/span><\/span><\/p>\n<p align=\"CENTER\"><span style=\"font-size: small;\"><span lang=\"ca-ES\">Jes\u00fas Pobre<\/span><\/span><\/p>\n<p align=\"CENTER\"><span style=\"font-size: small;\"><span lang=\"ca-ES\">La Vall de Gallinera<\/span><\/span><\/p>\n<p align=\"CENTER\"><span style=\"font-size: small;\"><span lang=\"ca-ES\">Ondara<\/span><\/span><\/p>\n<p align=\"CENTER\"><span style=\"font-size: small;\"><span lang=\"ca-ES\">Orba<\/span><\/span><\/p>\n<p align=\"CENTER\"><span style=\"font-size: small;\"><span lang=\"ca-ES\">Pedreguer<\/span><\/span><\/p>\n<p align=\"CENTER\"><span style=\"font-size: small;\"><span lang=\"ca-ES\">Pego<\/span><\/span><\/p>\n<p align=\"CENTER\"><span style=\"font-size: small;\"><span lang=\"ca-ES\">Sagra<\/span><\/span><\/p>\n<p align=\"CENTER\"><span style=\"font-size: small;\"><span lang=\"ca-ES\">Sanet i Negrals<\/span><\/span><\/p>\n<p align=\"CENTER\"><span style=\"font-size: small;\"><span lang=\"ca-ES\">Xal\u00f3<\/span><\/span><\/p>\n<p><\/p>","protected":false},"excerpt":{"rendered":"<p>Ante la incertidumbre de qu\u00e9 pasar\u00e1 este 2021 con las festividades locales y a falta de unas directrices claras por parte de la Generalitat, varios municipios de la Marina Alta, Xal\u00f3 entre ellos, han decidido aliarse para presentar un frente com\u00fan y consensuar una hoja de ruta en cuanto a los actos y acontecimientos festivos [&hellip;]<\/p>\n","protected":false},"author":1,"featured_media":4879,"comment_status":"closed","ping_status":"closed","sticky":false,"template":"","format":"standard","meta":{"_et_pb_use_builder":"","_et_pb_old_content":"","_et_gb_content_width":"","_uf_show_specific_survey":0,"_uf_disable_surveys":false,"footnotes":""},"categories":[1],"tags":[],"class_list":["post-4878","post","type-post","status-publish","format-standard","has-post-thumbnail","hentry","category-sin-categoria"],"yoast_head":"<!-- This site is optimized with the Yoast SEO plugin v28.3 - https:\/\/yoast.com\/product\/yoast-seo-wordpress\/ -->\n<title>La concejal\u00edas de Fiesta de Xal\u00f3 y las de la Marina Alta trabajan para crear un frente com\u00fan ante la incertidumbre por la Covid-19 - Ayto. Xal\u00f3<\/title>\n<meta name=\"robots\" content=\"index, follow, max-snippet:-1, max-image-preview:large, max-video-preview:-1\" \/>\n<link rel=\"canonical\" href=\"https:\/\/www.xalo.org\/es\/la-regidoria-de-festes-de-xalo-i-les-de-la-marina-alta-treballen-per-crear-un-front-comu-davant-la-incertesa-per-la-covid-19\/\" \/>\n<meta property=\"og:locale\" content=\"es_ES\" \/>\n<meta property=\"og:type\" content=\"article\" \/>\n<meta property=\"og:title\" content=\"[:va]La regidoria de Festes de Xal\u00f3 i les de la Marina Alta treballen per crear un front com\u00fa davant la incertesa per la Covid-19[:es]La concejal\u00edas de Fiesta de Xal\u00f3 y las de la Marina Alta trabajan para crear un frente com\u00fan ante la incertidumbre por la Covid-19[:] - Ayto. Xal\u00f3\" \/>\n<meta property=\"og:description\" content=\"Ante la incertidumbre de qu\u00e9 pasar\u00e1 este 2021 con las festividades locales y a falta de unas directrices claras por parte de la Generalitat, varios municipios de la Marina Alta, Xal\u00f3 entre ellos, han decidido aliarse para presentar un frente com\u00fan y consensuar una hoja de ruta en cuanto a los actos y acontecimientos festivos [&hellip;]\" \/>\n<meta property=\"og:url\" content=\"https:\/\/www.xalo.org\/es\/la-regidoria-de-festes-de-xalo-i-les-de-la-marina-alta-treballen-per-crear-un-front-comu-davant-la-incertesa-per-la-covid-19\/\" \/>\n<meta property=\"og:site_name\" content=\"Ayto. Xal\u00f3\" \/>\n<meta property=\"article:published_time\" content=\"2021-03-12T16:13:40+00:00\" \/>\n<meta property=\"og:image\" content=\"https:\/\/www.xalo.org\/wp-content\/uploads\/2021\/03\/Reunio-regidors-Festes.jpeg\" \/>\n\t<meta property=\"og:image:width\" content=\"1600\" \/>\n\t<meta property=\"og:image:height\" content=\"798\" \/>\n\t<meta property=\"og:image:type\" content=\"image\/jpeg\" \/>\n<meta name=\"author\" content=\"Ajuntament Xal\u00f3\" \/>\n<meta name=\"twitter:card\" content=\"summary_large_image\" \/>\n<meta name=\"twitter:label1\" content=\"Escrito por\" \/>\n\t<meta name=\"twitter:data1\" content=\"Ajuntament Xal\u00f3\" \/>\n\t<meta name=\"twitter:label2\" content=\"Tiempo de lectura\" \/>\n\t<meta name=\"twitter:data2\" content=\"4 minutos\" \/>\n<script type=\"application\/ld+json\" class=\"yoast-schema-graph\">{\"@context\":\"https:\\\/\\\/schema.org\",\"@graph\":[{\"@type\":\"Article\",\"@id\":\"https:\\\/\\\/www.xalo.org\\\/es\\\/la-regidoria-de-festes-de-xalo-i-les-de-la-marina-alta-treballen-per-crear-un-front-comu-davant-la-incertesa-per-la-covid-19\\\/#article\",\"isPartOf\":{\"@id\":\"https:\\\/\\\/www.xalo.org\\\/es\\\/la-regidoria-de-festes-de-xalo-i-les-de-la-marina-alta-treballen-per-crear-un-front-comu-davant-la-incertesa-per-la-covid-19\\\/\"},\"author\":{\"name\":\"Ajuntament Xal\u00f3\",\"@id\":\"https:\\\/\\\/www.xalo.org\\\/#\\\/schema\\\/person\\\/7933b59f18a5c32203b67f7b5d6e71f0\"},\"headline\":\"La concejal\u00edas de Fiesta de Xal\u00f3 y las de la Marina Alta trabajan para crear un frente com\u00fan ante la incertidumbre por la Covid-19\",\"datePublished\":\"2021-03-12T16:13:40+00:00\",\"mainEntityOfPage\":{\"@id\":\"https:\\\/\\\/www.xalo.org\\\/es\\\/la-regidoria-de-festes-de-xalo-i-les-de-la-marina-alta-treballen-per-crear-un-front-comu-davant-la-incertesa-per-la-covid-19\\\/\"},\"wordCount\":844,\"publisher\":{\"@id\":\"https:\\\/\\\/www.xalo.org\\\/#organization\"},\"image\":{\"@id\":\"https:\\\/\\\/www.xalo.org\\\/es\\\/la-regidoria-de-festes-de-xalo-i-les-de-la-marina-alta-treballen-per-crear-un-front-comu-davant-la-incertesa-per-la-covid-19\\\/#primaryimage\"},\"thumbnailUrl\":\"https:\\\/\\\/www.xalo.org\\\/wp-content\\\/uploads\\\/2021\\\/03\\\/Reunio-regidors-Festes.jpeg\",\"inLanguage\":\"es\"},{\"@type\":\"WebPage\",\"@id\":\"https:\\\/\\\/www.xalo.org\\\/es\\\/la-regidoria-de-festes-de-xalo-i-les-de-la-marina-alta-treballen-per-crear-un-front-comu-davant-la-incertesa-per-la-covid-19\\\/\",\"url\":\"https:\\\/\\\/www.xalo.org\\\/es\\\/la-regidoria-de-festes-de-xalo-i-les-de-la-marina-alta-treballen-per-crear-un-front-comu-davant-la-incertesa-per-la-covid-19\\\/\",\"name\":\"[:va]La regidoria de Festes de Xal\u00f3 i les de la Marina Alta treballen per crear un front com\u00fa davant la incertesa per la Covid-19[:es]La concejal\u00edas de Fiesta de Xal\u00f3 y las de la Marina Alta trabajan para crear un frente com\u00fan ante la incertidumbre por la Covid-19[:] - Ayto. Xal\u00f3\",\"isPartOf\":{\"@id\":\"https:\\\/\\\/www.xalo.org\\\/#website\"},\"primaryImageOfPage\":{\"@id\":\"https:\\\/\\\/www.xalo.org\\\/es\\\/la-regidoria-de-festes-de-xalo-i-les-de-la-marina-alta-treballen-per-crear-un-front-comu-davant-la-incertesa-per-la-covid-19\\\/#primaryimage\"},\"image\":{\"@id\":\"https:\\\/\\\/www.xalo.org\\\/es\\\/la-regidoria-de-festes-de-xalo-i-les-de-la-marina-alta-treballen-per-crear-un-front-comu-davant-la-incertesa-per-la-covid-19\\\/#primaryimage\"},\"thumbnailUrl\":\"https:\\\/\\\/www.xalo.org\\\/wp-content\\\/uploads\\\/2021\\\/03\\\/Reunio-regidors-Festes.jpeg\",\"datePublished\":\"2021-03-12T16:13:40+00:00\",\"breadcrumb\":{\"@id\":\"https:\\\/\\\/www.xalo.org\\\/es\\\/la-regidoria-de-festes-de-xalo-i-les-de-la-marina-alta-treballen-per-crear-un-front-comu-davant-la-incertesa-per-la-covid-19\\\/#breadcrumb\"},\"inLanguage\":\"es\",\"potentialAction\":[{\"@type\":\"ReadAction\",\"target\":[\"https:\\\/\\\/www.xalo.org\\\/es\\\/la-regidoria-de-festes-de-xalo-i-les-de-la-marina-alta-treballen-per-crear-un-front-comu-davant-la-incertesa-per-la-covid-19\\\/\"]}]},{\"@type\":\"ImageObject\",\"inLanguage\":\"es\",\"@id\":\"https:\\\/\\\/www.xalo.org\\\/es\\\/la-regidoria-de-festes-de-xalo-i-les-de-la-marina-alta-treballen-per-crear-un-front-comu-davant-la-incertesa-per-la-covid-19\\\/#primaryimage\",\"url\":\"https:\\\/\\\/www.xalo.org\\\/wp-content\\\/uploads\\\/2021\\\/03\\\/Reunio-regidors-Festes.jpeg\",\"contentUrl\":\"https:\\\/\\\/www.xalo.org\\\/wp-content\\\/uploads\\\/2021\\\/03\\\/Reunio-regidors-Festes.jpeg\",\"width\":1600,\"height\":798,\"caption\":\"Regidors Festes\"},{\"@type\":\"BreadcrumbList\",\"@id\":\"https:\\\/\\\/www.xalo.org\\\/es\\\/la-regidoria-de-festes-de-xalo-i-les-de-la-marina-alta-treballen-per-crear-un-front-comu-davant-la-incertesa-per-la-covid-19\\\/#breadcrumb\",\"itemListElement\":[{\"@type\":\"ListItem\",\"position\":1,\"name\":\"Home\",\"item\":\"https:\\\/\\\/www.xalo.org\\\/\"},{\"@type\":\"ListItem\",\"position\":2,\"name\":\"La concejal\u00edas de Fiesta de Xal\u00f3 y las de la Marina Alta trabajan para crear un frente com\u00fan ante la incertidumbre por la Covid-19\"}]},{\"@type\":\"WebSite\",\"@id\":\"https:\\\/\\\/www.xalo.org\\\/#website\",\"url\":\"https:\\\/\\\/www.xalo.org\\\/\",\"name\":\"Ajuntament de Xalo\",\"description\":\"(Valenci\u00e0) Ajuntament de Xal\u00f3\",\"publisher\":{\"@id\":\"https:\\\/\\\/www.xalo.org\\\/#organization\"},\"potentialAction\":[{\"@type\":\"SearchAction\",\"target\":{\"@type\":\"EntryPoint\",\"urlTemplate\":\"https:\\\/\\\/www.xalo.org\\\/?s={search_term_string}\"},\"query-input\":{\"@type\":\"PropertyValueSpecification\",\"valueRequired\":true,\"valueName\":\"search_term_string\"}}],\"inLanguage\":\"es\"},{\"@type\":\"Organization\",\"@id\":\"https:\\\/\\\/www.xalo.org\\\/#organization\",\"name\":\"Ajuntament de Xalo\",\"url\":\"https:\\\/\\\/www.xalo.org\\\/\",\"logo\":{\"@type\":\"ImageObject\",\"inLanguage\":\"es\",\"@id\":\"https:\\\/\\\/www.xalo.org\\\/#\\\/schema\\\/logo\\\/image\\\/\",\"url\":\"https:\\\/\\\/www.xalo.org\\\/wp-content\\\/uploads\\\/2015\\\/12\\\/logo.png\",\"contentUrl\":\"https:\\\/\\\/www.xalo.org\\\/wp-content\\\/uploads\\\/2015\\\/12\\\/logo.png\",\"width\":180,\"height\":172,\"caption\":\"Ajuntament de Xalo\"},\"image\":{\"@id\":\"https:\\\/\\\/www.xalo.org\\\/#\\\/schema\\\/logo\\\/image\\\/\"}},{\"@type\":\"Person\",\"@id\":\"https:\\\/\\\/www.xalo.org\\\/#\\\/schema\\\/person\\\/7933b59f18a5c32203b67f7b5d6e71f0\",\"name\":\"Ajuntament Xal\u00f3\",\"image\":{\"@type\":\"ImageObject\",\"inLanguage\":\"es\",\"@id\":\"https:\\\/\\\/secure.gravatar.com\\\/avatar\\\/1acf88fe58aa34b57ac82e647b1ee92a069606423a5fb6237dcc6dffbf07f901?s=96&d=mm&r=g\",\"url\":\"https:\\\/\\\/secure.gravatar.com\\\/avatar\\\/1acf88fe58aa34b57ac82e647b1ee92a069606423a5fb6237dcc6dffbf07f901?s=96&d=mm&r=g\",\"contentUrl\":\"https:\\\/\\\/secure.gravatar.com\\\/avatar\\\/1acf88fe58aa34b57ac82e647b1ee92a069606423a5fb6237dcc6dffbf07f901?s=96&d=mm&r=g\",\"caption\":\"Ajuntament Xal\u00f3\"},\"url\":\"https:\\\/\\\/www.xalo.org\\\/es\\\/author\\\/admin\\\/\"}]}<\/script>\n<!-- \/ Yoast SEO plugin. -->","yoast_head_json":{"title":"[:va]La regidoria de Festes de Xal\u00f3 i les de la Marina Alta treballen per crear un front com\u00fa davant la incertesa per la Covid-19[:es]La concejal\u00edas de Fiesta de Xal\u00f3 y las de la Marina Alta trabajan para crear un frente com\u00fan ante la incertidumbre por la Covid-19[:] - Ayto. Xal\u00f3","robots":{"index":"index","follow":"follow","max-snippet":"max-snippet:-1","max-image-preview":"max-image-preview:large","max-video-preview":"max-video-preview:-1"},"canonical":"https:\/\/www.xalo.org\/es\/la-regidoria-de-festes-de-xalo-i-les-de-la-marina-alta-treballen-per-crear-un-front-comu-davant-la-incertesa-per-la-covid-19\/","og_locale":"es_ES","og_type":"article","og_title":"[:va]La regidoria de Festes de Xal\u00f3 i les de la Marina Alta treballen per crear un front com\u00fa davant la incertesa per la Covid-19[:es]La concejal\u00edas de Fiesta de Xal\u00f3 y las de la Marina Alta trabajan para crear un frente com\u00fan ante la incertidumbre por la Covid-19[:] - Ayto. Xal\u00f3","og_description":"Ante la incertidumbre de qu\u00e9 pasar\u00e1 este 2021 con las festividades locales y a falta de unas directrices claras por parte de la Generalitat, varios municipios de la Marina Alta, Xal\u00f3 entre ellos, han decidido aliarse para presentar un frente com\u00fan y consensuar una hoja de ruta en cuanto a los actos y acontecimientos festivos [&hellip;]","og_url":"https:\/\/www.xalo.org\/es\/la-regidoria-de-festes-de-xalo-i-les-de-la-marina-alta-treballen-per-crear-un-front-comu-davant-la-incertesa-per-la-covid-19\/","og_site_name":"Ayto. Xal\u00f3","article_published_time":"2021-03-12T16:13:40+00:00","og_image":[{"width":1600,"height":798,"url":"https:\/\/www.xalo.org\/wp-content\/uploads\/2021\/03\/Reunio-regidors-Festes.jpeg","type":"image\/jpeg"}],"author":"Ajuntament Xal\u00f3","twitter_card":"summary_large_image","twitter_misc":{"Escrito por":"Ajuntament Xal\u00f3","Tiempo de lectura":"4 minutos"},"schema":{"@context":"https:\/\/schema.org","@graph":[{"@type":"Article","@id":"https:\/\/www.xalo.org\/es\/la-regidoria-de-festes-de-xalo-i-les-de-la-marina-alta-treballen-per-crear-un-front-comu-davant-la-incertesa-per-la-covid-19\/#article","isPartOf":{"@id":"https:\/\/www.xalo.org\/es\/la-regidoria-de-festes-de-xalo-i-les-de-la-marina-alta-treballen-per-crear-un-front-comu-davant-la-incertesa-per-la-covid-19\/"},"author":{"name":"Ajuntament Xal\u00f3","@id":"https:\/\/www.xalo.org\/#\/schema\/person\/7933b59f18a5c32203b67f7b5d6e71f0"},"headline":"La concejal\u00edas de Fiesta de Xal\u00f3 y las de la Marina Alta trabajan para crear un frente com\u00fan ante la incertidumbre por la Covid-19","datePublished":"2021-03-12T16:13:40+00:00","mainEntityOfPage":{"@id":"https:\/\/www.xalo.org\/es\/la-regidoria-de-festes-de-xalo-i-les-de-la-marina-alta-treballen-per-crear-un-front-comu-davant-la-incertesa-per-la-covid-19\/"},"wordCount":844,"publisher":{"@id":"https:\/\/www.xalo.org\/#organization"},"image":{"@id":"https:\/\/www.xalo.org\/es\/la-regidoria-de-festes-de-xalo-i-les-de-la-marina-alta-treballen-per-crear-un-front-comu-davant-la-incertesa-per-la-covid-19\/#primaryimage"},"thumbnailUrl":"https:\/\/www.xalo.org\/wp-content\/uploads\/2021\/03\/Reunio-regidors-Festes.jpeg","inLanguage":"es"},{"@type":"WebPage","@id":"https:\/\/www.xalo.org\/es\/la-regidoria-de-festes-de-xalo-i-les-de-la-marina-alta-treballen-per-crear-un-front-comu-davant-la-incertesa-per-la-covid-19\/","url":"https:\/\/www.xalo.org\/es\/la-regidoria-de-festes-de-xalo-i-les-de-la-marina-alta-treballen-per-crear-un-front-comu-davant-la-incertesa-per-la-covid-19\/","name":"[:va]La regidoria de Festes de Xal\u00f3 i les de la Marina Alta treballen per crear un front com\u00fa davant la incertesa per la Covid-19[:es]La concejal\u00edas de Fiesta de Xal\u00f3 y las de la Marina Alta trabajan para crear un frente com\u00fan ante la incertidumbre por la Covid-19[:] - Ayto. Xal\u00f3","isPartOf":{"@id":"https:\/\/www.xalo.org\/#website"},"primaryImageOfPage":{"@id":"https:\/\/www.xalo.org\/es\/la-regidoria-de-festes-de-xalo-i-les-de-la-marina-alta-treballen-per-crear-un-front-comu-davant-la-incertesa-per-la-covid-19\/#primaryimage"},"image":{"@id":"https:\/\/www.xalo.org\/es\/la-regidoria-de-festes-de-xalo-i-les-de-la-marina-alta-treballen-per-crear-un-front-comu-davant-la-incertesa-per-la-covid-19\/#primaryimage"},"thumbnailUrl":"https:\/\/www.xalo.org\/wp-content\/uploads\/2021\/03\/Reunio-regidors-Festes.jpeg","datePublished":"2021-03-12T16:13:40+00:00","breadcrumb":{"@id":"https:\/\/www.xalo.org\/es\/la-regidoria-de-festes-de-xalo-i-les-de-la-marina-alta-treballen-per-crear-un-front-comu-davant-la-incertesa-per-la-covid-19\/#breadcrumb"},"inLanguage":"es","potentialAction":[{"@type":"ReadAction","target":["https:\/\/www.xalo.org\/es\/la-regidoria-de-festes-de-xalo-i-les-de-la-marina-alta-treballen-per-crear-un-front-comu-davant-la-incertesa-per-la-covid-19\/"]}]},{"@type":"ImageObject","inLanguage":"es","@id":"https:\/\/www.xalo.org\/es\/la-regidoria-de-festes-de-xalo-i-les-de-la-marina-alta-treballen-per-crear-un-front-comu-davant-la-incertesa-per-la-covid-19\/#primaryimage","url":"https:\/\/www.xalo.org\/wp-content\/uploads\/2021\/03\/Reunio-regidors-Festes.jpeg","contentUrl":"https:\/\/www.xalo.org\/wp-content\/uploads\/2021\/03\/Reunio-regidors-Festes.jpeg","width":1600,"height":798,"caption":"Regidors Festes"},{"@type":"BreadcrumbList","@id":"https:\/\/www.xalo.org\/es\/la-regidoria-de-festes-de-xalo-i-les-de-la-marina-alta-treballen-per-crear-un-front-comu-davant-la-incertesa-per-la-covid-19\/#breadcrumb","itemListElement":[{"@type":"ListItem","position":1,"name":"Home","item":"https:\/\/www.xalo.org\/"},{"@type":"ListItem","position":2,"name":"La concejal\u00edas de Fiesta de Xal\u00f3 y las de la Marina Alta trabajan para crear un frente com\u00fan ante la incertidumbre por la Covid-19"}]},{"@type":"WebSite","@id":"https:\/\/www.xalo.org\/#website","url":"https:\/\/www.xalo.org\/","name":"Ajuntament de Xalo","description":"(Valenci\u00e0) Ajuntament de Xal\u00f3","publisher":{"@id":"https:\/\/www.xalo.org\/#organization"},"potentialAction":[{"@type":"SearchAction","target":{"@type":"EntryPoint","urlTemplate":"https:\/\/www.xalo.org\/?s={search_term_string}"},"query-input":{"@type":"PropertyValueSpecification","valueRequired":true,"valueName":"search_term_string"}}],"inLanguage":"es"},{"@type":"Organization","@id":"https:\/\/www.xalo.org\/#organization","name":"Ajuntament de Xalo","url":"https:\/\/www.xalo.org\/","logo":{"@type":"ImageObject","inLanguage":"es","@id":"https:\/\/www.xalo.org\/#\/schema\/logo\/image\/","url":"https:\/\/www.xalo.org\/wp-content\/uploads\/2015\/12\/logo.png","contentUrl":"https:\/\/www.xalo.org\/wp-content\/uploads\/2015\/12\/logo.png","width":180,"height":172,"caption":"Ajuntament de Xalo"},"image":{"@id":"https:\/\/www.xalo.org\/#\/schema\/logo\/image\/"}},{"@type":"Person","@id":"https:\/\/www.xalo.org\/#\/schema\/person\/7933b59f18a5c32203b67f7b5d6e71f0","name":"Ajuntament Xal\u00f3","image":{"@type":"ImageObject","inLanguage":"es","@id":"https:\/\/secure.gravatar.com\/avatar\/1acf88fe58aa34b57ac82e647b1ee92a069606423a5fb6237dcc6dffbf07f901?s=96&d=mm&r=g","url":"https:\/\/secure.gravatar.com\/avatar\/1acf88fe58aa34b57ac82e647b1ee92a069606423a5fb6237dcc6dffbf07f901?s=96&d=mm&r=g","contentUrl":"https:\/\/secure.gravatar.com\/avatar\/1acf88fe58aa34b57ac82e647b1ee92a069606423a5fb6237dcc6dffbf07f901?s=96&d=mm&r=g","caption":"Ajuntament Xal\u00f3"},"url":"https:\/\/www.xalo.org\/es\/author\/admin\/"}]}},"_links":{"self":[{"href":"https:\/\/www.xalo.org\/es\/wp-json\/wp\/v2\/posts\/4878","targetHints":{"allow":["GET"]}}],"collection":[{"href":"https:\/\/www.xalo.org\/es\/wp-json\/wp\/v2\/posts"}],"about":[{"href":"https:\/\/www.xalo.org\/es\/wp-json\/wp\/v2\/types\/post"}],"author":[{"embeddable":true,"href":"https:\/\/www.xalo.org\/es\/wp-json\/wp\/v2\/users\/1"}],"replies":[{"embeddable":true,"href":"https:\/\/www.xalo.org\/es\/wp-json\/wp\/v2\/comments?post=4878"}],"version-history":[{"count":0,"href":"https:\/\/www.xalo.org\/es\/wp-json\/wp\/v2\/posts\/4878\/revisions"}],"wp:featuredmedia":[{"embeddable":true,"href":"https:\/\/www.xalo.org\/es\/wp-json\/wp\/v2\/media\/4879"}],"wp:attachment":[{"href":"https:\/\/www.xalo.org\/es\/wp-json\/wp\/v2\/media?parent=4878"}],"wp:term":[{"taxonomy":"category","embeddable":true,"href":"https:\/\/www.xalo.org\/es\/wp-json\/wp\/v2\/categories?post=4878"},{"taxonomy":"post_tag","embeddable":true,"href":"https:\/\/www.xalo.org\/es\/wp-json\/wp\/v2\/tags?post=4878"}],"curies":[{"name":"wp","href":"https:\/\/api.w.org\/{rel}","templated":true}]}}