{"id":5031,"date":"2021-06-17T19:24:36","date_gmt":"2021-06-17T17:24:36","guid":{"rendered":"https:\/\/www.xalo.org\/?p=5031"},"modified":"2021-06-26T07:50:28","modified_gmt":"2021-06-26T05:50:28","slug":"bases-de-la-segona-convocatoria-de-les-ajudes-parentesi","status":"publish","type":"post","link":"https:\/\/www.xalo.org\/es\/bases-de-la-segona-convocatoria-de-les-ajudes-parentesi\/","title":{"rendered":"Bases de la segunda convocatoria de las ayudas \u00abPar\u00e8ntesis\u00bb"},"content":{"rendered":"<p><a href=\"https:\/\/www.xalo.org\/bases-de-la-segona-convocatoria-de-les-ajudes-parentesi\/bases-2a-ajudes-parentesi\/\" rel=\"attachment wp-att-5032\">Documento de las bases de las segundas ayudas Par\u00e8ntesi<\/a><\/p>","protected":false},"excerpt":{"rendered":"<p>Documento de las bases de las segundas ayudas Par\u00e8ntesi<\/p>\n","protected":false},"author":1,"featured_media":4850,"comment_status":"closed","ping_status":"closed","sticky":false,"template":"","format":"standard","meta":{"_et_pb_use_builder":"","_et_pb_old_content":"","_et_gb_content_width":"","_uf_show_specific_survey":0,"_uf_disable_surveys":false,"footnotes":""},"categories":[37],"tags":[],"class_list":["post-5031","post","type-post","status-publish","format-standard","has-post-thumbnail","hentry","category-comerc"],"yoast_head":"<!-- This site is optimized with the Yoast SEO plugin v28.3 - https:\/\/yoast.com\/product\/yoast-seo-wordpress\/ -->\n<title>Bases de la segunda convocatoria de las ayudas &quot;Par\u00e8ntesis&quot; - Ayto. Xal\u00f3<\/title>\n<meta name=\"robots\" content=\"index, follow, max-snippet:-1, max-image-preview:large, max-video-preview:-1\" \/>\n<link rel=\"canonical\" href=\"https:\/\/www.xalo.org\/bases-de-la-segona-convocatoria-de-les-ajudes-parentesi\/\" \/>\n<meta property=\"og:locale\" content=\"es_ES\" \/>\n<meta property=\"og:type\" content=\"article\" \/>\n<meta property=\"og:title\" content=\"[:va]Bases de la segona convocat\u00f2ria de les ajudes &quot;Par\u00e8ntesi&quot;[:es]Bases de la segunda convocatoria de las ayudas &quot;Par\u00e8ntesis&quot;[:] - Ayto. Xal\u00f3\" \/>\n<meta property=\"og:description\" content=\"Documento de las bases de las segundas ayudas Par\u00e8ntesi\" \/>\n<meta property=\"og:url\" content=\"https:\/\/www.xalo.org\/bases-de-la-segona-convocatoria-de-les-ajudes-parentesi\/\" \/>\n<meta property=\"og:site_name\" content=\"Ayto. Xal\u00f3\" \/>\n<meta property=\"article:published_time\" content=\"2021-06-17T17:24:36+00:00\" \/>\n<meta property=\"article:modified_time\" content=\"2021-06-26T05:50:28+00:00\" \/>\n<meta property=\"og:image\" content=\"https:\/\/www.xalo.org\/wp-content\/uploads\/2021\/02\/Pla-resistir.jpg\" \/>\n\t<meta property=\"og:image:width\" content=\"1600\" \/>\n\t<meta property=\"og:image:height\" content=\"900\" \/>\n\t<meta property=\"og:image:type\" content=\"image\/jpeg\" \/>\n<meta name=\"author\" content=\"Ajuntament Xal\u00f3\" \/>\n<meta name=\"twitter:card\" content=\"summary_large_image\" \/>\n<meta name=\"twitter:label1\" content=\"Escrito por\" \/>\n\t<meta name=\"twitter:data1\" content=\"Ajuntament Xal\u00f3\" \/>\n<script type=\"application\/ld+json\" class=\"yoast-schema-graph\">{\"@context\":\"https:\\\/\\\/schema.org\",\"@graph\":[{\"@type\":\"Article\",\"@id\":\"https:\\\/\\\/www.xalo.org\\\/bases-de-la-segona-convocatoria-de-les-ajudes-parentesi\\\/#article\",\"isPartOf\":{\"@id\":\"https:\\\/\\\/www.xalo.org\\\/bases-de-la-segona-convocatoria-de-les-ajudes-parentesi\\\/\"},\"author\":{\"name\":\"Ajuntament Xal\u00f3\",\"@id\":\"https:\\\/\\\/www.xalo.org\\\/#\\\/schema\\\/person\\\/7933b59f18a5c32203b67f7b5d6e71f0\"},\"headline\":\"Bases de la segunda convocatoria de las ayudas \u00abPar\u00e8ntesis\u00bb\",\"datePublished\":\"2021-06-17T17:24:36+00:00\",\"dateModified\":\"2021-06-26T05:50:28+00:00\",\"mainEntityOfPage\":{\"@id\":\"https:\\\/\\\/www.xalo.org\\\/bases-de-la-segona-convocatoria-de-les-ajudes-parentesi\\\/\"},\"wordCount\":45,\"publisher\":{\"@id\":\"https:\\\/\\\/www.xalo.org\\\/#organization\"},\"image\":{\"@id\":\"https:\\\/\\\/www.xalo.org\\\/bases-de-la-segona-convocatoria-de-les-ajudes-parentesi\\\/#primaryimage\"},\"thumbnailUrl\":\"https:\\\/\\\/www.xalo.org\\\/wp-content\\\/uploads\\\/2021\\\/02\\\/Pla-resistir.jpg\",\"articleSection\":[\"Comer\u00e7\"],\"inLanguage\":\"es\"},{\"@type\":\"WebPage\",\"@id\":\"https:\\\/\\\/www.xalo.org\\\/bases-de-la-segona-convocatoria-de-les-ajudes-parentesi\\\/\",\"url\":\"https:\\\/\\\/www.xalo.org\\\/bases-de-la-segona-convocatoria-de-les-ajudes-parentesi\\\/\",\"name\":\"[:va]Bases de la segona convocat\u00f2ria de les ajudes \\\"Par\u00e8ntesi\\\"[:es]Bases de la segunda convocatoria de las ayudas \\\"Par\u00e8ntesis\\\"[:] - Ayto. Xal\u00f3\",\"isPartOf\":{\"@id\":\"https:\\\/\\\/www.xalo.org\\\/#website\"},\"primaryImageOfPage\":{\"@id\":\"https:\\\/\\\/www.xalo.org\\\/bases-de-la-segona-convocatoria-de-les-ajudes-parentesi\\\/#primaryimage\"},\"image\":{\"@id\":\"https:\\\/\\\/www.xalo.org\\\/bases-de-la-segona-convocatoria-de-les-ajudes-parentesi\\\/#primaryimage\"},\"thumbnailUrl\":\"https:\\\/\\\/www.xalo.org\\\/wp-content\\\/uploads\\\/2021\\\/02\\\/Pla-resistir.jpg\",\"datePublished\":\"2021-06-17T17:24:36+00:00\",\"dateModified\":\"2021-06-26T05:50:28+00:00\",\"breadcrumb\":{\"@id\":\"https:\\\/\\\/www.xalo.org\\\/bases-de-la-segona-convocatoria-de-les-ajudes-parentesi\\\/#breadcrumb\"},\"inLanguage\":\"es\",\"potentialAction\":[{\"@type\":\"ReadAction\",\"target\":[\"https:\\\/\\\/www.xalo.org\\\/bases-de-la-segona-convocatoria-de-les-ajudes-parentesi\\\/\"]}]},{\"@type\":\"ImageObject\",\"inLanguage\":\"es\",\"@id\":\"https:\\\/\\\/www.xalo.org\\\/bases-de-la-segona-convocatoria-de-les-ajudes-parentesi\\\/#primaryimage\",\"url\":\"https:\\\/\\\/www.xalo.org\\\/wp-content\\\/uploads\\\/2021\\\/02\\\/Pla-resistir.jpg\",\"contentUrl\":\"https:\\\/\\\/www.xalo.org\\\/wp-content\\\/uploads\\\/2021\\\/02\\\/Pla-resistir.jpg\",\"width\":1600,\"height\":900,\"caption\":\"Pla Resistir\"},{\"@type\":\"BreadcrumbList\",\"@id\":\"https:\\\/\\\/www.xalo.org\\\/bases-de-la-segona-convocatoria-de-les-ajudes-parentesi\\\/#breadcrumb\",\"itemListElement\":[{\"@type\":\"ListItem\",\"position\":1,\"name\":\"Home\",\"item\":\"https:\\\/\\\/www.xalo.org\\\/\"},{\"@type\":\"ListItem\",\"position\":2,\"name\":\"Bases de la segona convocat\u00f2ria de les ajudes &#8220;Par\u00e8ntesi&#8221;\"}]},{\"@type\":\"WebSite\",\"@id\":\"https:\\\/\\\/www.xalo.org\\\/#website\",\"url\":\"https:\\\/\\\/www.xalo.org\\\/\",\"name\":\"Ajuntament de Xalo\",\"description\":\"(Valenci\u00e0) Ajuntament de Xal\u00f3\",\"publisher\":{\"@id\":\"https:\\\/\\\/www.xalo.org\\\/#organization\"},\"potentialAction\":[{\"@type\":\"SearchAction\",\"target\":{\"@type\":\"EntryPoint\",\"urlTemplate\":\"https:\\\/\\\/www.xalo.org\\\/?s={search_term_string}\"},\"query-input\":{\"@type\":\"PropertyValueSpecification\",\"valueRequired\":true,\"valueName\":\"search_term_string\"}}],\"inLanguage\":\"es\"},{\"@type\":\"Organization\",\"@id\":\"https:\\\/\\\/www.xalo.org\\\/#organization\",\"name\":\"Ajuntament de Xalo\",\"url\":\"https:\\\/\\\/www.xalo.org\\\/\",\"logo\":{\"@type\":\"ImageObject\",\"inLanguage\":\"es\",\"@id\":\"https:\\\/\\\/www.xalo.org\\\/#\\\/schema\\\/logo\\\/image\\\/\",\"url\":\"https:\\\/\\\/www.xalo.org\\\/wp-content\\\/uploads\\\/2015\\\/12\\\/logo.png\",\"contentUrl\":\"https:\\\/\\\/www.xalo.org\\\/wp-content\\\/uploads\\\/2015\\\/12\\\/logo.png\",\"width\":180,\"height\":172,\"caption\":\"Ajuntament de Xalo\"},\"image\":{\"@id\":\"https:\\\/\\\/www.xalo.org\\\/#\\\/schema\\\/logo\\\/image\\\/\"}},{\"@type\":\"Person\",\"@id\":\"https:\\\/\\\/www.xalo.org\\\/#\\\/schema\\\/person\\\/7933b59f18a5c32203b67f7b5d6e71f0\",\"name\":\"Ajuntament Xal\u00f3\",\"image\":{\"@type\":\"ImageObject\",\"inLanguage\":\"es\",\"@id\":\"https:\\\/\\\/secure.gravatar.com\\\/avatar\\\/1acf88fe58aa34b57ac82e647b1ee92a069606423a5fb6237dcc6dffbf07f901?s=96&d=mm&r=g\",\"url\":\"https:\\\/\\\/secure.gravatar.com\\\/avatar\\\/1acf88fe58aa34b57ac82e647b1ee92a069606423a5fb6237dcc6dffbf07f901?s=96&d=mm&r=g\",\"contentUrl\":\"https:\\\/\\\/secure.gravatar.com\\\/avatar\\\/1acf88fe58aa34b57ac82e647b1ee92a069606423a5fb6237dcc6dffbf07f901?s=96&d=mm&r=g\",\"caption\":\"Ajuntament Xal\u00f3\"},\"url\":\"https:\\\/\\\/www.xalo.org\\\/es\\\/author\\\/admin\\\/\"}]}<\/script>\n<!-- \/ Yoast SEO plugin. -->","yoast_head_json":{"title":"[:va]Bases de la segona convocat\u00f2ria de les ajudes \"Par\u00e8ntesi\"[:es]Bases de la segunda convocatoria de las ayudas \"Par\u00e8ntesis\"[:] - Ayto. Xal\u00f3","robots":{"index":"index","follow":"follow","max-snippet":"max-snippet:-1","max-image-preview":"max-image-preview:large","max-video-preview":"max-video-preview:-1"},"canonical":"https:\/\/www.xalo.org\/bases-de-la-segona-convocatoria-de-les-ajudes-parentesi\/","og_locale":"es_ES","og_type":"article","og_title":"[:va]Bases de la segona convocat\u00f2ria de les ajudes \"Par\u00e8ntesi\"[:es]Bases de la segunda convocatoria de las ayudas \"Par\u00e8ntesis\"[:] - Ayto. Xal\u00f3","og_description":"Documento de las bases de las segundas ayudas Par\u00e8ntesi","og_url":"https:\/\/www.xalo.org\/bases-de-la-segona-convocatoria-de-les-ajudes-parentesi\/","og_site_name":"Ayto. Xal\u00f3","article_published_time":"2021-06-17T17:24:36+00:00","article_modified_time":"2021-06-26T05:50:28+00:00","og_image":[{"width":1600,"height":900,"url":"https:\/\/www.xalo.org\/wp-content\/uploads\/2021\/02\/Pla-resistir.jpg","type":"image\/jpeg"}],"author":"Ajuntament Xal\u00f3","twitter_card":"summary_large_image","twitter_misc":{"Escrito por":"Ajuntament Xal\u00f3"},"schema":{"@context":"https:\/\/schema.org","@graph":[{"@type":"Article","@id":"https:\/\/www.xalo.org\/bases-de-la-segona-convocatoria-de-les-ajudes-parentesi\/#article","isPartOf":{"@id":"https:\/\/www.xalo.org\/bases-de-la-segona-convocatoria-de-les-ajudes-parentesi\/"},"author":{"name":"Ajuntament Xal\u00f3","@id":"https:\/\/www.xalo.org\/#\/schema\/person\/7933b59f18a5c32203b67f7b5d6e71f0"},"headline":"Bases de la segunda convocatoria de las ayudas \u00abPar\u00e8ntesis\u00bb","datePublished":"2021-06-17T17:24:36+00:00","dateModified":"2021-06-26T05:50:28+00:00","mainEntityOfPage":{"@id":"https:\/\/www.xalo.org\/bases-de-la-segona-convocatoria-de-les-ajudes-parentesi\/"},"wordCount":45,"publisher":{"@id":"https:\/\/www.xalo.org\/#organization"},"image":{"@id":"https:\/\/www.xalo.org\/bases-de-la-segona-convocatoria-de-les-ajudes-parentesi\/#primaryimage"},"thumbnailUrl":"https:\/\/www.xalo.org\/wp-content\/uploads\/2021\/02\/Pla-resistir.jpg","articleSection":["Comer\u00e7"],"inLanguage":"es"},{"@type":"WebPage","@id":"https:\/\/www.xalo.org\/bases-de-la-segona-convocatoria-de-les-ajudes-parentesi\/","url":"https:\/\/www.xalo.org\/bases-de-la-segona-convocatoria-de-les-ajudes-parentesi\/","name":"[:va]Bases de la segona convocat\u00f2ria de les ajudes \"Par\u00e8ntesi\"[:es]Bases de la segunda convocatoria de las ayudas \"Par\u00e8ntesis\"[:] - Ayto. Xal\u00f3","isPartOf":{"@id":"https:\/\/www.xalo.org\/#website"},"primaryImageOfPage":{"@id":"https:\/\/www.xalo.org\/bases-de-la-segona-convocatoria-de-les-ajudes-parentesi\/#primaryimage"},"image":{"@id":"https:\/\/www.xalo.org\/bases-de-la-segona-convocatoria-de-les-ajudes-parentesi\/#primaryimage"},"thumbnailUrl":"https:\/\/www.xalo.org\/wp-content\/uploads\/2021\/02\/Pla-resistir.jpg","datePublished":"2021-06-17T17:24:36+00:00","dateModified":"2021-06-26T05:50:28+00:00","breadcrumb":{"@id":"https:\/\/www.xalo.org\/bases-de-la-segona-convocatoria-de-les-ajudes-parentesi\/#breadcrumb"},"inLanguage":"es","potentialAction":[{"@type":"ReadAction","target":["https:\/\/www.xalo.org\/bases-de-la-segona-convocatoria-de-les-ajudes-parentesi\/"]}]},{"@type":"ImageObject","inLanguage":"es","@id":"https:\/\/www.xalo.org\/bases-de-la-segona-convocatoria-de-les-ajudes-parentesi\/#primaryimage","url":"https:\/\/www.xalo.org\/wp-content\/uploads\/2021\/02\/Pla-resistir.jpg","contentUrl":"https:\/\/www.xalo.org\/wp-content\/uploads\/2021\/02\/Pla-resistir.jpg","width":1600,"height":900,"caption":"Pla Resistir"},{"@type":"BreadcrumbList","@id":"https:\/\/www.xalo.org\/bases-de-la-segona-convocatoria-de-les-ajudes-parentesi\/#breadcrumb","itemListElement":[{"@type":"ListItem","position":1,"name":"Home","item":"https:\/\/www.xalo.org\/"},{"@type":"ListItem","position":2,"name":"Bases de la segona convocat\u00f2ria de les ajudes &#8220;Par\u00e8ntesi&#8221;"}]},{"@type":"WebSite","@id":"https:\/\/www.xalo.org\/#website","url":"https:\/\/www.xalo.org\/","name":"Ajuntament de Xalo","description":"(Valenci\u00e0) Ajuntament de Xal\u00f3","publisher":{"@id":"https:\/\/www.xalo.org\/#organization"},"potentialAction":[{"@type":"SearchAction","target":{"@type":"EntryPoint","urlTemplate":"https:\/\/www.xalo.org\/?s={search_term_string}"},"query-input":{"@type":"PropertyValueSpecification","valueRequired":true,"valueName":"search_term_string"}}],"inLanguage":"es"},{"@type":"Organization","@id":"https:\/\/www.xalo.org\/#organization","name":"Ajuntament de Xalo","url":"https:\/\/www.xalo.org\/","logo":{"@type":"ImageObject","inLanguage":"es","@id":"https:\/\/www.xalo.org\/#\/schema\/logo\/image\/","url":"https:\/\/www.xalo.org\/wp-content\/uploads\/2015\/12\/logo.png","contentUrl":"https:\/\/www.xalo.org\/wp-content\/uploads\/2015\/12\/logo.png","width":180,"height":172,"caption":"Ajuntament de Xalo"},"image":{"@id":"https:\/\/www.xalo.org\/#\/schema\/logo\/image\/"}},{"@type":"Person","@id":"https:\/\/www.xalo.org\/#\/schema\/person\/7933b59f18a5c32203b67f7b5d6e71f0","name":"Ajuntament Xal\u00f3","image":{"@type":"ImageObject","inLanguage":"es","@id":"https:\/\/secure.gravatar.com\/avatar\/1acf88fe58aa34b57ac82e647b1ee92a069606423a5fb6237dcc6dffbf07f901?s=96&d=mm&r=g","url":"https:\/\/secure.gravatar.com\/avatar\/1acf88fe58aa34b57ac82e647b1ee92a069606423a5fb6237dcc6dffbf07f901?s=96&d=mm&r=g","contentUrl":"https:\/\/secure.gravatar.com\/avatar\/1acf88fe58aa34b57ac82e647b1ee92a069606423a5fb6237dcc6dffbf07f901?s=96&d=mm&r=g","caption":"Ajuntament Xal\u00f3"},"url":"https:\/\/www.xalo.org\/es\/author\/admin\/"}]}},"_links":{"self":[{"href":"https:\/\/www.xalo.org\/es\/wp-json\/wp\/v2\/posts\/5031","targetHints":{"allow":["GET"]}}],"collection":[{"href":"https:\/\/www.xalo.org\/es\/wp-json\/wp\/v2\/posts"}],"about":[{"href":"https:\/\/www.xalo.org\/es\/wp-json\/wp\/v2\/types\/post"}],"author":[{"embeddable":true,"href":"https:\/\/www.xalo.org\/es\/wp-json\/wp\/v2\/users\/1"}],"replies":[{"embeddable":true,"href":"https:\/\/www.xalo.org\/es\/wp-json\/wp\/v2\/comments?post=5031"}],"version-history":[{"count":0,"href":"https:\/\/www.xalo.org\/es\/wp-json\/wp\/v2\/posts\/5031\/revisions"}],"wp:featuredmedia":[{"embeddable":true,"href":"https:\/\/www.xalo.org\/es\/wp-json\/wp\/v2\/media\/4850"}],"wp:attachment":[{"href":"https:\/\/www.xalo.org\/es\/wp-json\/wp\/v2\/media?parent=5031"}],"wp:term":[{"taxonomy":"category","embeddable":true,"href":"https:\/\/www.xalo.org\/es\/wp-json\/wp\/v2\/categories?post=5031"},{"taxonomy":"post_tag","embeddable":true,"href":"https:\/\/www.xalo.org\/es\/wp-json\/wp\/v2\/tags?post=5031"}],"curies":[{"name":"wp","href":"https:\/\/api.w.org\/{rel}","templated":true}]}}