{"id":5062,"date":"2021-07-02T14:30:59","date_gmt":"2021-07-02T12:30:59","guid":{"rendered":"https:\/\/www.xalo.org\/?p=5062"},"modified":"2021-07-02T14:35:57","modified_gmt":"2021-07-02T12:35:57","slug":"educacio-inicia-la-construccio-del-nou-institut-escola-de-xalo-este-juliol","status":"publish","type":"post","link":"https:\/\/www.xalo.org\/es\/educacio-inicia-la-construccio-del-nou-institut-escola-de-xalo-este-juliol\/","title":{"rendered":"Educaci\u00f3n inicia la construcci\u00f3n del nuevo instituto-escuela de Xal\u00f3 este mes de julio"},"content":{"rendered":"<p><span style=\"font-size: medium; font-family: 'Times New Roman', serif;\">El director general de Infraestructuras Educativas de la Conselleria de Educaci\u00f3n, V\u00edctor Garcia, ha firmado el acta de inicio de obras del nuevo CEIPSO de Xal\u00f3, el primer instituto-escuela de las comarcas de Alicante. Con esta firma, la empresa adjudicataria tiene un mes de plazo para iniciar los trabajos, pero ya ha comunicado en la Conselleria que empezar\u00e1 las obras este mismo julio.<\/span><\/p>\n<p lang=\"es-ES\" align=\"JUSTIFY\"><span style=\"font-family: Times New Roman, serif;\"><span style=\"font-size: medium;\">La firma se ha realizado en la misma parcela municipal de 10.377 m\u00b2 donde se levantar\u00e1 el nuevo centro educativo y que actualmente est\u00e1 ocupada en parte por el CEIP Virgen Pobre, que ser\u00e1 derribado. En el acto tambi\u00e9n han participado el alcalde de Xal\u00f3, Joan Miquel Garc\u00e9s, el diputado provincial y concejal por este municipio de la Marina Alta, Gerard Fullana, la concejala de Educaci\u00f3n, Eugenia Mestre, y la comunidad educativa del centro.<\/span><\/span><\/p>\n<p lang=\"es-ES\" align=\"JUSTIFY\"><a href=\"https:\/\/www.xalo.org\/educacio-inicia-la-construccio-del-nou-institut-escola-de-xalo-este-juliol\/xalo-2-4\/\" rel=\"attachment wp-att-5065\"><img decoding=\"async\" class=\"alignright size-full wp-image-5065\" src=\"https:\/\/www.xalo.org\/wp-content\/uploads\/2021\/07\/xalo-2.jpeg\" alt=\"\" width=\"1024\" height=\"683\" srcset=\"https:\/\/www.xalo.org\/wp-content\/uploads\/2021\/07\/xalo-2.jpeg 1024w, https:\/\/www.xalo.org\/wp-content\/uploads\/2021\/07\/xalo-2-980x654.jpeg 980w, https:\/\/www.xalo.org\/wp-content\/uploads\/2021\/07\/xalo-2-480x320.jpeg 480w\" sizes=\"(min-width: 0px) and (max-width: 480px) 480px, (min-width: 481px) and (max-width: 980px) 980px, (min-width: 981px) 1024px, 100vw\" \/><\/a><\/p>\n<p lang=\"es-ES\" align=\"JUSTIFY\"><span style=\"font-family: Times New Roman, serif;\"><span style=\"font-size: medium;\">Seg\u00fan el director general de Infraestructuras Educativas, V\u00edctor Garcia: \u201cLa firma es un hito clave para que abra el plazo de ejecuci\u00f3n de 18 meses de obras para unas instalaciones que tendr\u00e1n capacidad para 560 alumnos desde Infantil 2 a\u00f1os hasta 4.\u00ba de ESO. Adem\u00e1s de dotar de infraestructuras educativas dignas, el modelo de instituto-escuela es muy beneficioso para una zona como es el interior de la Marina Alta, porque acercamos la ESO a los municipios m\u00e1s peque\u00f1os y los dotamos de mejores servicios educativos\u201d.<\/span><\/span><\/p>\n<p lang=\"es-ES\" align=\"JUSTIFY\"><span style=\"font-family: Times New Roman, serif;\"><span style=\"font-size: medium;\">El alcalde de Xal\u00f3, Joan Miquel Garc\u00e9s, ha explicado que \u201cesta es la firma m\u00e1s importante de la historia reciente de Xal\u00f3. Ahora s\u00ed que podemos decir que la construcci\u00f3n de la nueva escuela-instituto empieza de verdad. Por parte del Ayuntamiento de Xal\u00f3, queremos agradecer la diligencia de la Conselleria de Educaci\u00f3n, que ha rescatado el proyecto del olvido en el que lo hab\u00edan dejado gobiernos del pasado\u201d.<\/span><\/span><\/p>\n<p lang=\"es-ES\" align=\"JUSTIFY\"><span style=\"font-family: Times New Roman, serif;\"><span style=\"font-size: medium;\">La concejala de Educaci\u00f3n, Eugenia Mestre, ha subrayado que \u201ces un d\u00eda muy importante, tanto para la comunidad educativa como para todo el pueblo. Contar con una infraestructura de esta clase en Xal\u00f3 supondr\u00e1 un gran beneficio para el alumnado y tambi\u00e9n para las familias en general\u201d.<\/span><\/span><\/p>\n<p lang=\"es-ES\" align=\"JUSTIFY\"><a href=\"https:\/\/www.xalo.org\/educacio-inicia-la-construccio-del-nou-institut-escola-de-xalo-este-juliol\/xalo-3-2\/\" rel=\"attachment wp-att-5067\"><img decoding=\"async\" class=\"alignright size-full wp-image-5067\" src=\"https:\/\/www.xalo.org\/wp-content\/uploads\/2021\/07\/xalo-3.jpeg\" alt=\"\" width=\"1024\" height=\"683\" srcset=\"https:\/\/www.xalo.org\/wp-content\/uploads\/2021\/07\/xalo-3.jpeg 1024w, https:\/\/www.xalo.org\/wp-content\/uploads\/2021\/07\/xalo-3-980x654.jpeg 980w, https:\/\/www.xalo.org\/wp-content\/uploads\/2021\/07\/xalo-3-480x320.jpeg 480w\" sizes=\"(min-width: 0px) and (max-width: 480px) 480px, (min-width: 481px) and (max-width: 980px) 980px, (min-width: 981px) 1024px, 100vw\" \/><\/a><\/p>\n<p lang=\"es-ES\" align=\"JUSTIFY\"><span style=\"font-family: Times New Roman, serif;\"><span style=\"font-size: medium;\">Educaci\u00f3n de la Generalitat sac\u00f3 a licitaci\u00f3n la construcci\u00f3n del nuevo instituto-escuela de Xal\u00f3 por unos 8,1 millones de euros. Veintitr\u00e9s empresas se presentaron a un concurso p\u00fablico que gan\u00f3 la UTE Vilor-Sorigu\u00e9, que se ha comprometido a ejecutar la obra por unos 7,2 millones de euros (IVA incluido). <\/span><\/span><\/p>\n<p lang=\"es-ES\" align=\"JUSTIFY\"><span style=\"font-family: Times New Roman, serif;\"><span style=\"font-size: medium;\"><b>Un centro desde Infantil 2 a\u00f1os hasta la ESO con un total de 21 unidades<\/b><\/span><\/span><\/p>\n<p lang=\"es-ES\" align=\"JUSTIFY\"><span style=\"font-family: Times New Roman, serif;\"><span style=\"font-size: medium;\">El instituto-escuela de Xal\u00f3 ser\u00e1 un centro de 21 unidades: 1 de Infantil 2 a\u00f1os, 4 de Infantil de 3 a 5 a\u00f1os, 8 de Primaria y 8 m\u00e1s de ESO, con todos los equipamientos necesarios y un comedor con cocina propia con capacidad para 360 comensales en tres turnos. <\/span><\/span><\/p>\n<p lang=\"es-ES\" align=\"JUSTIFY\"><span style=\"font-family: Times New Roman, serif;\"><span style=\"font-size: medium;\">La obra se ejecutar\u00e1 en dos fases. Durante la primera se construir\u00e1 el nuevo instituto-escuela en la parte de la parcela municipal de 10.377 m\u00b2 que no est\u00e1 ocupada por los edificios del CEIP Virgen Pobre, de manera que el alumnado continuar\u00e1 en las aulas y se evitar\u00e1 trasladarlos a m\u00f3dulos prefabricados. En la segunda fase, una vez se haya acabado el edificio del instituto-escuela y se haya trasladado el alumnado a las nuevas aulas, se derribar\u00e1 el viejo CEIP para levantar en su lugar el gimnasio y las pistas deportivas del nuevo centro.<\/span><\/span><\/p>\n<p lang=\"es-ES\" align=\"JUSTIFY\"><a href=\"https:\/\/www.xalo.org\/educacio-inicia-la-construccio-del-nou-institut-escola-de-xalo-este-juliol\/xalo-4-2\/\" rel=\"attachment wp-att-5068\"><img decoding=\"async\" class=\"alignright size-full wp-image-5068\" src=\"https:\/\/www.xalo.org\/wp-content\/uploads\/2021\/07\/xalo-4.jpeg\" alt=\"\" width=\"1024\" height=\"768\" srcset=\"https:\/\/www.xalo.org\/wp-content\/uploads\/2021\/07\/xalo-4.jpeg 1024w, https:\/\/www.xalo.org\/wp-content\/uploads\/2021\/07\/xalo-4-980x735.jpeg 980w, https:\/\/www.xalo.org\/wp-content\/uploads\/2021\/07\/xalo-4-480x360.jpeg 480w\" sizes=\"(min-width: 0px) and (max-width: 480px) 480px, (min-width: 481px) and (max-width: 980px) 980px, (min-width: 981px) 1024px, 100vw\" \/><\/a><\/p>\n<p lang=\"es-ES\" align=\"JUSTIFY\"><span style=\"font-family: Times New Roman, serif;\"><span style=\"font-size: medium;\">El edificio principal del instituto-escuela se articular\u00e1 en forma de U en tres vol\u00famenes independientes (planta baja m\u00e1s dos alturas), cada uno de los cuales se corresponde con un ciclo de ense\u00f1anza. En la planta baja estar\u00e1 el ciclo de Infantil, en la primera planta, el de Primaria en una parte y en la otra, el de la ESO, que tambi\u00e9n ocupar\u00e1 la segunda planta del aulario. <\/span><\/span><\/p>\n<p lang=\"es-ES\" align=\"JUSTIFY\"><span style=\"font-family: Times New Roman, serif;\"><span style=\"font-size: medium;\">Todo el edificio estar\u00e1 climatizado y, adem\u00e1s, en la zona de Infantil la instalaci\u00f3n de la calefacci\u00f3n se har\u00e1 mediante un sistema de suelo radiante. La superficie \u00fatil construida total del nuevo centro supera los 5.000 m\u00b2, a los que hay que sumar 7.500 m\u00b2 m\u00e1s de patios, pistas deportivas, jardines y huerto escolar. <\/span><\/span><\/p>\n<p><\/p>","protected":false},"excerpt":{"rendered":"<p>El director general de Infraestructuras Educativas de la Conselleria de Educaci\u00f3n, V\u00edctor Garcia, ha firmado el acta de inicio de obras del nuevo CEIPSO de Xal\u00f3, el primer instituto-escuela de las comarcas de Alicante. Con esta firma, la empresa adjudicataria tiene un mes de plazo para iniciar los trabajos, pero ya ha comunicado en la [&hellip;]<\/p>\n","protected":false},"author":1,"featured_media":5063,"comment_status":"closed","ping_status":"closed","sticky":false,"template":"","format":"standard","meta":{"_et_pb_use_builder":"","_et_pb_old_content":"","_et_gb_content_width":"","footnotes":""},"categories":[35],"tags":[],"class_list":["post-5062","post","type-post","status-publish","format-standard","has-post-thumbnail","hentry","category-educacio-i-infancia"],"aioseo_notices":[],"_links":{"self":[{"href":"https:\/\/www.xalo.org\/es\/wp-json\/wp\/v2\/posts\/5062","targetHints":{"allow":["GET"]}}],"collection":[{"href":"https:\/\/www.xalo.org\/es\/wp-json\/wp\/v2\/posts"}],"about":[{"href":"https:\/\/www.xalo.org\/es\/wp-json\/wp\/v2\/types\/post"}],"author":[{"embeddable":true,"href":"https:\/\/www.xalo.org\/es\/wp-json\/wp\/v2\/users\/1"}],"replies":[{"embeddable":true,"href":"https:\/\/www.xalo.org\/es\/wp-json\/wp\/v2\/comments?post=5062"}],"version-history":[{"count":0,"href":"https:\/\/www.xalo.org\/es\/wp-json\/wp\/v2\/posts\/5062\/revisions"}],"wp:featuredmedia":[{"embeddable":true,"href":"https:\/\/www.xalo.org\/es\/wp-json\/wp\/v2\/media\/5063"}],"wp:attachment":[{"href":"https:\/\/www.xalo.org\/es\/wp-json\/wp\/v2\/media?parent=5062"}],"wp:term":[{"taxonomy":"category","embeddable":true,"href":"https:\/\/www.xalo.org\/es\/wp-json\/wp\/v2\/categories?post=5062"},{"taxonomy":"post_tag","embeddable":true,"href":"https:\/\/www.xalo.org\/es\/wp-json\/wp\/v2\/tags?post=5062"}],"curies":[{"name":"wp","href":"https:\/\/api.w.org\/{rel}","templated":true}]}}