{"id":6047,"date":"2023-09-28T09:24:03","date_gmt":"2023-09-28T07:24:03","guid":{"rendered":"https:\/\/www.xalo.org\/?p=6047"},"modified":"2023-10-24T11:05:12","modified_gmt":"2023-10-24T09:05:12","slug":"el-retard-en-un-pagament-de-la-diputacio-paralitza-les-obres-de-la-placa","status":"publish","type":"post","link":"https:\/\/www.xalo.org\/es\/el-retard-en-un-pagament-de-la-diputacio-paralitza-les-obres-de-la-placa\/","title":{"rendered":"El retraso en un pago de la Diputaci\u00f3n paraliza las obras de la plaza"},"content":{"rendered":"<p><\/p>\n<p align=\"LEFT\"><span style=\"color: #000080;\"><span lang=\"zxx\"><span style=\"color: #000000;\"><span style=\"font-family: CalIBRI, sans-serif;\"><span style=\"font-size: small;\">La ciudadan\u00eda de Xal\u00f3 comprueba incr\u00e9dula c\u00f3mo es posible que una obra pr\u00e1cticamente terminada quede paralizada por los polos entre la empresa constructora y la Diputaci\u00f3n de Alicante ante el retraso de esta \u00faltima al tramitar documentaci\u00f3n necesaria para que se puedan certificar y abonar los pagos. El hecho tiene especial incidencia por tratarse de la plaza Mayor del municipio, donde se mantienen las vallas de la obra y la imposibilidad de celebrar cualquier evento. La empresa constructora decidi\u00f3 a finales de agosto paralizar el proyecto despu\u00e9s de que hubiera adelantado importes de hasta 90.000 euros que hasta la fecha no han podido cobrar por el retraso al aprobar una modificaci\u00f3n de proyecto que se inici\u00f3 en mayo y que sigue sin tramitarse.<\/span><\/span><\/span><\/span><\/span><\/p>\n<p align=\"LEFT\"><span style=\"color: #000080;\"><span lang=\"zxx\"><span style=\"color: #000000;\"><span style=\"font-family: CalIBRI, sans-serif;\"><span style=\"font-size: small;\">Las obras ten\u00edan inicialmente la fecha l\u00edmite para finalizar en abril de 2023, fecha que se ampli\u00f3 hasta el 4 de agosto, y que posteriormente se volvi\u00f3 a ampliar por diversas incidencias como los hallazgos de la torre medieval. Cuando se superaron estos problemas todo parec\u00eda indicar que la \u00faltima semana de agosto las obras se acabar\u00edan pero de nuevo el municipio volvi\u00f3 a sufrir un retraso, esta vez como consecuencia de los tr\u00e1mites burocr\u00e1ticos en la Diputaci\u00f3n de Alicante.<\/span><\/span><\/span><\/span><\/span><\/p>\n<div class=\"wp-block-image\"><img decoding=\"async\" class=\"aligncenter wp-image-6051 size-full\" src=\"https:\/\/www.xalo.org\/wp-content\/uploads\/2023\/09\/Estat-actual-de-la-placa.jpeg\" alt=\"\" width=\"1024\" height=\"768\" srcset=\"https:\/\/www.xalo.org\/wp-content\/uploads\/2023\/09\/Estat-actual-de-la-placa.jpeg 1024w, https:\/\/www.xalo.org\/wp-content\/uploads\/2023\/09\/Estat-actual-de-la-placa-980x735.jpeg 980w, https:\/\/www.xalo.org\/wp-content\/uploads\/2023\/09\/Estat-actual-de-la-placa-480x360.jpeg 480w\" sizes=\"(min-width: 0px) and (max-width: 480px) 480px, (min-width: 481px) and (max-width: 980px) 980px, (min-width: 981px) 1024px, 100vw\" \/><\/div>\n<p align=\"LEFT\"><span style=\"color: #000080;\"><span lang=\"zxx\"><span style=\"color: #000000;\"><span style=\"font-family: CalIBRI, sans-serif;\"><span style=\"font-size: small;\">El alcalde del municipio Joan Miquel Garc\u00e9s explica que \u201c<\/span><\/span><\/span><\/span><\/span><span style=\"color: #000080;\"><span lang=\"zxx\"><span style=\"color: #000000;\"><span style=\"font-family: CalIBRI, sans-serif;\"><span style=\"font-size: small;\"><i>somos los concejales y concejalas a quienes nos toca explicar situaciones de las que no somos responsables y es muy dif\u00edcil explicar que una obra en el centro del pueblo a la que le faltan d\u00edas para acabar queda paralizada por problemas burocr\u00e1ticos<\/i><\/span><\/span><\/span><\/span><\/span><span style=\"color: #000080;\"><span lang=\"zxx\"><span style=\"color: #000000;\"><span style=\"font-family: CalIBRI, sans-serif;\"><span style=\"font-size: small;\">\u201d. El alcalde ha a\u00f1adido que \u00ab<\/span><\/span><\/span><\/span><\/span><span style=\"color: #000080;\"><span lang=\"zxx\"><span style=\"color: #000000;\"><span style=\"font-family: CalIBRI, sans-serif;\"><span style=\"font-size: small;\"><i>no buscamos culpables, sabemos que todas las partes est\u00e1n haciendo todo lo que pueden pero quien sufre esta situaci\u00f3n son los vecinos y vecinas de Xal\u00f3<\/i><\/span><\/span><\/span><\/span><\/span><span style=\"color: #000080;\"><span lang=\"zxx\"><span style=\"color: #000000;\"><span style=\"font-family: CalIBRI, sans-serif;\"><span style=\"font-size: small;\">\u00ab.<\/span><\/span><\/span><\/span><\/span><\/p>\n<p align=\"LEFT\"><span style=\"color: #000080;\"><span lang=\"zxx\"><span style=\"color: #000000;\"><span style=\"font-family: CalIBRI, sans-serif;\"><span style=\"font-size: small;\"><b>M\u00e1s retrasos<\/b><\/span><\/span><\/span><\/span><\/span><\/p>\n<p align=\"LEFT\"><span style=\"color: #000080;\"><span lang=\"zxx\"><span style=\"color: #000000;\"><span style=\"font-family: CalIBRI, sans-serif;\"><span style=\"font-size: small;\">El Ayuntamiento de Xal\u00f3 solicita un aumento de recursos y personal en la Diputaci\u00f3n de Alicante para agilizar las obras en los municipios. Xal\u00f3 tambi\u00e9n destaca el retraso en las obras del Mol\u00ed del Giner, tambi\u00e9n dependientes de la Diputaci\u00f3n que se alargan ya durante m\u00e1s de dos a\u00f1os.<\/span><\/span><\/span><\/span><\/span><\/p>\n<p><\/p>","protected":false},"excerpt":{"rendered":"<p>La ciudadan\u00eda de Xal\u00f3 comprueba incr\u00e9dula c\u00f3mo es posible que una obra pr\u00e1cticamente terminada quede paralizada por los polos entre la empresa constructora y la Diputaci\u00f3n de Alicante ante el retraso de esta \u00faltima al tramitar documentaci\u00f3n necesaria para que se puedan certificar y abonar los pagos. El hecho tiene especial incidencia por tratarse de [&hellip;]<\/p>\n","protected":false},"author":12,"featured_media":6048,"comment_status":"closed","ping_status":"closed","sticky":false,"template":"","format":"standard","meta":{"_et_pb_use_builder":"","_et_pb_old_content":"","_et_gb_content_width":"","footnotes":""},"categories":[10],"tags":[],"class_list":["post-6047","post","type-post","status-publish","format-standard","has-post-thumbnail","hentry","category-noticias"],"aioseo_notices":[],"_links":{"self":[{"href":"https:\/\/www.xalo.org\/es\/wp-json\/wp\/v2\/posts\/6047","targetHints":{"allow":["GET"]}}],"collection":[{"href":"https:\/\/www.xalo.org\/es\/wp-json\/wp\/v2\/posts"}],"about":[{"href":"https:\/\/www.xalo.org\/es\/wp-json\/wp\/v2\/types\/post"}],"author":[{"embeddable":true,"href":"https:\/\/www.xalo.org\/es\/wp-json\/wp\/v2\/users\/12"}],"replies":[{"embeddable":true,"href":"https:\/\/www.xalo.org\/es\/wp-json\/wp\/v2\/comments?post=6047"}],"version-history":[{"count":0,"href":"https:\/\/www.xalo.org\/es\/wp-json\/wp\/v2\/posts\/6047\/revisions"}],"wp:featuredmedia":[{"embeddable":true,"href":"https:\/\/www.xalo.org\/es\/wp-json\/wp\/v2\/media\/6048"}],"wp:attachment":[{"href":"https:\/\/www.xalo.org\/es\/wp-json\/wp\/v2\/media?parent=6047"}],"wp:term":[{"taxonomy":"category","embeddable":true,"href":"https:\/\/www.xalo.org\/es\/wp-json\/wp\/v2\/categories?post=6047"},{"taxonomy":"post_tag","embeddable":true,"href":"https:\/\/www.xalo.org\/es\/wp-json\/wp\/v2\/tags?post=6047"}],"curies":[{"name":"wp","href":"https:\/\/api.w.org\/{rel}","templated":true}]}}